{"id":45195,"date":"2023-09-14T14:31:34","date_gmt":"2023-09-14T20:31:34","guid":{"rendered":"https:\/\/encuentroinformativo.com.mx\/?p=45195"},"modified":"2023-09-14T14:31:41","modified_gmt":"2023-09-14T20:31:41","slug":"crecen-denuncias-por-violencia-politica-en-razon-de-genero-reconoce-tev","status":"publish","type":"post","link":"https:\/\/encuentroinformativo.com.mx\/?p=45195","title":{"rendered":"Crecen denuncias por violencia pol\u00edtica en raz\u00f3n de g\u00e9nero, reconoce TEV"},"content":{"rendered":"\n<p><strong>Dar\u00edo Pale <\/strong><\/p>\n\n\n\n<p>Xalapa, Ver.- Crecen las denuncias por violencia pol\u00edtica, pero concluyen en meras obstrucciones, adem\u00e1s fusionar\u00edan Registro Nacional de Deudores y la Ley 3 de 3 contra violencia, as\u00ed lo inform\u00f3 la magistrada presidenta del Tribunal Electoral de Veracruz, Tania Celina V\u00e1squez Mu\u00f1oz.<\/p>\n\n\n\n<p>En entrevista luego de rendir guardia de honor ante el monumento a Miguel Hidalgo, revel\u00f3 que del 40 por ciento de los asuntos que atiende el \u00f3rgano jurisdiccional est\u00e1n relacionados con Violencia Pol\u00edtica en raz\u00f3n de G\u00e9nero (VPG).<\/p>\n\n\n\n<p>Aclar\u00f3 que la mayor\u00eda de los casos han derivado en que se trat\u00f3 de obstrucci\u00f3n del cargo, por ejemplo que no les dan vi\u00e1ticos, que las oficinas son m\u00e1s peque\u00f1as, que no les dan un asistente o que no las convocan con debido tiempo.<\/p>\n\n\n\n<p>&#8220;El 90 por ciento de los casos que hemos resuelto son pr\u00e1cticamente a que hay obstrucci\u00f3n y no necesariamente violencia pol\u00edtica en raz\u00f3n de g\u00e9nero&#8221;, se\u00f1al\u00f3.<\/p>\n\n\n\n<p>Por lo que detall\u00f3 que las quejas o denuncias que se presentan ante el Tribunal son de las regidur\u00edas, sindicaturas y alcald\u00edas.<\/p>\n\n\n\n<p>&#8220;A mayor n\u00famero de mujeres en el poder, mayor n\u00famero de violencia que se ejerce en contra de ellas, entonces tenemos que lograr y entender que esta pacificaci\u00f3n que se tendr\u00eda que dar y las mujeres ejerzan el poder&#8221;, inform\u00f3.<\/p>\n\n\n\n<p>Coment\u00f3 que un reto para este pr\u00f3ximo proceso electoral ser\u00e1 erradicar la violencia pol\u00edtica en raz\u00f3n de g\u00e9nero.<\/p>\n\n\n\n<p>La Magistrada puntualiz\u00f3 que son pocos los que a ra\u00edz de las quejas han sido inscritos en el padr\u00f3n de violentadores, ya que la gran mayor\u00eda han derivado en obstrucci\u00f3n de las funciones.<\/p>\n\n\n\n<p>&#8220;Y cuando se trata de una obstrucci\u00f3n no se van al registro, tiene que ser necesariamente violencia pol\u00edtica en raz\u00f3n de g\u00e9nero. De todos los asuntos, solo un asunto ha sido violencia pol\u00edtica en raz\u00f3n de g\u00e9nero, pero el gran n\u00famero de asuntos que ocupan nuestra atenci\u00f3n en nuestros escritorios es ese tipo de asuntos en donde se evidencia que no hubo violencia pol\u00edtica&#8221;, asever\u00f3.<\/p>\n\n\n\n<p>Por otra parte, Tania Celina V\u00e1squez explic\u00f3 que se podr\u00edan fusionar el Registro Nacional de Deudores Alimentarios con la Ley 3 e 3 contra la violencia.<\/p>\n\n\n\n<p>Record\u00f3 que la 3 de 3 impide que los violentadores sexuales, deudores alimentarios y personas sentenciadas por violencia pol\u00edtica, puedan contender en el pr\u00f3ximo proceso electoral.<\/p>\n\n\n\n<p>Sin embargo, refiri\u00f3 que la 3 de 3 todav\u00eda, hasta el d\u00eda de hoy, no se ha homologado con las leyes locales de Veracruz.<\/p>\n\n\n\n<p>Finalmente dijo, &#8220;pero al ser una reforma constitucional, los derechos deben maximizarse y ser\u00e1n las autoridades administrativas las que tomen la determinaci\u00f3n al momento de que se empiecen&#8230;.sobre todo hacer valer el derecho&#8221;.<\/p>\n","protected":false},"excerpt":{"rendered":"<p>Dar\u00edo Pale Xalapa, Ver.- Crecen las denuncias por violencia pol\u00edtica, pero concluyen en meras obstrucciones, adem\u00e1s fusionar\u00edan Registro Nacional de Deudores y la Ley 3 de 3 contra violencia, as\u00ed lo inform\u00f3 la magistrada presidenta del Tribunal Electoral de Veracruz, Tania Celina V\u00e1squez Mu\u00f1oz. En entrevista luego de rendir guardia de honor ante el monumento [&hellip;]<\/p>\n","protected":false},"author":2476,"featured_media":45196,"comment_status":"open","ping_status":"open","sticky":false,"template":"","format":"standard","meta":{"_jetpack_memberships_contains_paid_content":false,"footnotes":""},"categories":[2],"tags":[],"class_list":["post-45195","post","type-post","status-publish","format-standard","has-post-thumbnail","hentry","category-estado"],"jetpack_featured_media_url":"https:\/\/encuentroinformativo.com.mx\/wp-content\/uploads\/2023\/09\/IMG-20230914-WA01232.jpg","jetpack_sharing_enabled":true,"jetpack_likes_enabled":true,"amp_enabled":true,"_links":{"self":[{"href":"https:\/\/encuentroinformativo.com.mx\/index.php?rest_route=\/wp\/v2\/posts\/45195","targetHints":{"allow":["GET"]}}],"collection":[{"href":"https:\/\/encuentroinformativo.com.mx\/index.php?rest_route=\/wp\/v2\/posts"}],"about":[{"href":"https:\/\/encuentroinformativo.com.mx\/index.php?rest_route=\/wp\/v2\/types\/post"}],"author":[{"embeddable":true,"href":"https:\/\/encuentroinformativo.com.mx\/index.php?rest_route=\/wp\/v2\/users\/2476"}],"replies":[{"embeddable":true,"href":"https:\/\/encuentroinformativo.com.mx\/index.php?rest_route=%2Fwp%2Fv2%2Fcomments&post=45195"}],"version-history":[{"count":1,"href":"https:\/\/encuentroinformativo.com.mx\/index.php?rest_route=\/wp\/v2\/posts\/45195\/revisions"}],"predecessor-version":[{"id":45197,"href":"https:\/\/encuentroinformativo.com.mx\/index.php?rest_route=\/wp\/v2\/posts\/45195\/revisions\/45197"}],"wp:featuredmedia":[{"embeddable":true,"href":"https:\/\/encuentroinformativo.com.mx\/index.php?rest_route=\/wp\/v2\/media\/45196"}],"wp:attachment":[{"href":"https:\/\/encuentroinformativo.com.mx\/index.php?rest_route=%2Fwp%2Fv2%2Fmedia&parent=45195"}],"wp:term":[{"taxonomy":"category","embeddable":true,"href":"https:\/\/encuentroinformativo.com.mx\/index.php?rest_route=%2Fwp%2Fv2%2Fcategories&post=45195"},{"taxonomy":"post_tag","embeddable":true,"href":"https:\/\/encuentroinformativo.com.mx\/index.php?rest_route=%2Fwp%2Fv2%2Ftags&post=45195"}],"curies":[{"name":"wp","href":"https:\/\/api.w.org\/{rel}","templated":true}]}}