{"id":45198,"date":"2023-09-14T14:35:30","date_gmt":"2023-09-14T20:35:30","guid":{"rendered":"https:\/\/encuentroinformativo.com.mx\/?p=45198"},"modified":"2023-09-14T14:35:36","modified_gmt":"2023-09-14T20:35:36","slug":"indigenas-encarcelados-por-falta-de-peritos-y-recursos-economicos-abogados","status":"publish","type":"post","link":"https:\/\/encuentroinformativo.com.mx\/?p=45198","title":{"rendered":"Ind\u00edgenas encarcelados por falta de peritos y recursos econ\u00f3micos: Abogados"},"content":{"rendered":"\n<p><strong>Alejandro \u00c1vila<\/strong><\/p>\n\n\n\n<p>Veracruz, Ver.- El titular de Hern\u00e1ndez y Asociados, Francisco Hern\u00e1ndez de la Cruz, mencion\u00f3 que, al menos en la sierra norte del estado de Veracruz, varios ind\u00edgenas son encarcelados por falta de un buen peritaje y por no contar con los recursos econ\u00f3micos para llevar una defensa adecuada.<\/p>\n\n\n\n<p>Tan solo en el municipio de Chicontepec, donde recide su empresa, asegur\u00f3 que el 100 por ciento de los ind\u00edgenas que son acusados de un delito posteriormente son encarcelados, ocasionando una violaci\u00f3n de la autoridad.<\/p>\n\n\n\n<p>&#8220;Violaci\u00f3n, pederastia, avigiato, despojo, esos son los principales (\u2026) efectivamente, de hecho tenemos actualmente como tres asuntos que les fabricaron el delito, nos consta como despacho (\u2026) la problem\u00e1tica que tenemos all\u00e1 es que, no tienen recursos econ\u00f3micos, no hay peritos alrededor, hay en Tuxpan &#8211; Poza Rica, para sufragar y poder defenderlos, porque uno como abogado hace su parte, pero necesitamos ayudarnos de peritos, y si los hay, hay que traerlos de la Ciudad de M\u00e9xico y realmente es costoso&#8221;, subray\u00f3.<\/p>\n\n\n\n<p>Francisco Hern\u00e1ndez agreg\u00f3 que otra situaci\u00f3n que les ha complicado los litigios, ha sido la falta del traductores de lengua ind\u00edgena al espa\u00f1ol en las Fiscal\u00edas, pues muchas veces se tergiversan la informaci\u00f3n de un caso y se complica en su defensa.<\/p>\n","protected":false},"excerpt":{"rendered":"<p>Alejandro \u00c1vila Veracruz, Ver.- El titular de Hern\u00e1ndez y Asociados, Francisco Hern\u00e1ndez de la Cruz, mencion\u00f3 que, al menos en la sierra norte del estado de Veracruz, varios ind\u00edgenas son encarcelados por falta de un buen peritaje y por no contar con los recursos econ\u00f3micos para llevar una defensa adecuada. Tan solo en el municipio [&hellip;]<\/p>\n","protected":false},"author":2476,"featured_media":45199,"comment_status":"open","ping_status":"open","sticky":false,"template":"","format":"standard","meta":{"_jetpack_memberships_contains_paid_content":false,"footnotes":""},"categories":[2],"tags":[],"class_list":["post-45198","post","type-post","status-publish","format-standard","has-post-thumbnail","hentry","category-estado"],"jetpack_featured_media_url":"https:\/\/encuentroinformativo.com.mx\/wp-content\/uploads\/2023\/09\/IMG-20230914-WA0176.jpg","jetpack_sharing_enabled":true,"jetpack_likes_enabled":true,"amp_enabled":true,"_links":{"self":[{"href":"https:\/\/encuentroinformativo.com.mx\/index.php?rest_route=\/wp\/v2\/posts\/45198","targetHints":{"allow":["GET"]}}],"collection":[{"href":"https:\/\/encuentroinformativo.com.mx\/index.php?rest_route=\/wp\/v2\/posts"}],"about":[{"href":"https:\/\/encuentroinformativo.com.mx\/index.php?rest_route=\/wp\/v2\/types\/post"}],"author":[{"embeddable":true,"href":"https:\/\/encuentroinformativo.com.mx\/index.php?rest_route=\/wp\/v2\/users\/2476"}],"replies":[{"embeddable":true,"href":"https:\/\/encuentroinformativo.com.mx\/index.php?rest_route=%2Fwp%2Fv2%2Fcomments&post=45198"}],"version-history":[{"count":1,"href":"https:\/\/encuentroinformativo.com.mx\/index.php?rest_route=\/wp\/v2\/posts\/45198\/revisions"}],"predecessor-version":[{"id":45200,"href":"https:\/\/encuentroinformativo.com.mx\/index.php?rest_route=\/wp\/v2\/posts\/45198\/revisions\/45200"}],"wp:featuredmedia":[{"embeddable":true,"href":"https:\/\/encuentroinformativo.com.mx\/index.php?rest_route=\/wp\/v2\/media\/45199"}],"wp:attachment":[{"href":"https:\/\/encuentroinformativo.com.mx\/index.php?rest_route=%2Fwp%2Fv2%2Fmedia&parent=45198"}],"wp:term":[{"taxonomy":"category","embeddable":true,"href":"https:\/\/encuentroinformativo.com.mx\/index.php?rest_route=%2Fwp%2Fv2%2Fcategories&post=45198"},{"taxonomy":"post_tag","embeddable":true,"href":"https:\/\/encuentroinformativo.com.mx\/index.php?rest_route=%2Fwp%2Fv2%2Ftags&post=45198"}],"curies":[{"name":"wp","href":"https:\/\/api.w.org\/{rel}","templated":true}]}}