{"id":45210,"date":"2023-09-14T16:58:25","date_gmt":"2023-09-14T22:58:25","guid":{"rendered":"https:\/\/encuentroinformativo.com.mx\/?p=45210"},"modified":"2023-09-14T22:30:42","modified_gmt":"2023-09-15T04:30:42","slug":"ataque-cibernetico-vulnero-proceso-de-admision-a-la-normal-veracruzana","status":"publish","type":"post","link":"https:\/\/encuentroinformativo.com.mx\/?p=45210","title":{"rendered":"Ataque cibern\u00e9tico vulner\u00f3 proceso de admisi\u00f3n a la normal veracruzana"},"content":{"rendered":"\n<p><strong>Juan Arcos <\/strong><\/p>\n\n\n\n<p>Xalapa, Ver.- El director de la BENV, Gerardo G\u00f3mez Salas, se\u00f1al\u00f3 que esta situaci\u00f3n afect\u00f3 el proceso para el ingreso a la educaci\u00f3n normal en el estado de Veracruz, cuya convocatoria fue lanzada en abril pasado.<\/p>\n\n\n\n<p>Detall\u00f3 que lo anterior provoc\u00f3 que la publicaci\u00f3n del pasado 18 de agosto en la p\u00e1gina web, se diera a conocer una lista err\u00f3nea, que no correspond\u00eda al orden estricto de prelaci\u00f3n reflejado en el resultado obtenido del examen.<\/p>\n\n\n\n<p>El cuerpo directivo identific\u00f3 el error y lo dio a conocer a la Direcci\u00f3n de Educaci\u00f3n Normal, exigiendo que se corrigiera la lista. Por ello, se public\u00f3 una segunda lista corregida el s\u00e1bado 19 de agosto, alrededor de las 19:00 horas.<\/p>\n\n\n\n<p>Sin embargo, dicha situaci\u00f3n provoc\u00f3 protestas de los aspirantes y sus familiares, correspondientes a la primera y segunda lista de corrimiento, ya que recibieron llamadas telef\u00f3nicas y correos electr\u00f3nicos para notificarles que ten\u00edan derecho a inscripci\u00f3n y despu\u00e9s les informaron que no era as\u00ed, situaci\u00f3n que fue reportada a la Direcci\u00f3n de Educaci\u00f3n Normal.<\/p>\n\n\n\n<p>\u201cTodo esto nos preocupa profundamente porque trasgrede la convocatoria que emiti\u00f3 la propia Secretar\u00eda de Educaci\u00f3n, al no respetar los mecanismos de comunicaci\u00f3n de los resultados, el orden prelaci\u00f3n, entre otros puntos, y pone en tela de juicio ante la sociedad, la transparencia de los procesos que han caracterizado a la Benem\u00e9rita Escuela Normal Veracruzana, Enrique C. R\u00e9bsamen\u201d, expres\u00f3 el Director.<\/p>\n\n\n\n<p>En ese sentido, G\u00f3mez Salas exigi\u00f3 que se aclare e investigue de manera imparcial la situaci\u00f3n del corrimiento en la lista de prelaci\u00f3n, y se tomen las medidas necesarias, tanto administrativas como jur\u00eddicas, para garantizar un proceso de inscripci\u00f3n transparente, justo y accesible para todos los aspirantes a la instituci\u00f3n.<\/p>\n\n\n\n<p>Tambi\u00e9n pidi\u00f3 que se garantice la seguridad cibern\u00e9tica, a fin de tener la certeza de no ser vulnerados nuevamente, pues con estas acciones la imagen institucional queda con una mancha en la historia.<\/p>\n\n\n\n<p>\u201cQue la aplicaci\u00f3n del instrumento diagn\u00f3stico de selecci\u00f3n se realice bajo las modalidades presencial y virtual, a fin de que los aspirantes puedan seleccionar entre ellas, cuidando que las fechas de aplicaci\u00f3n no coincidan con la aplicaci\u00f3n de instrumentos similares en la Universidad Veracruzana. Que el proceso de ingreso a la BENV vuelva a ser de control de la Escuela en coordinaci\u00f3n con la Secretar\u00eda de Educaci\u00f3n de Veracruz\u201d, enfatiz\u00f3.<\/p>\n\n\n\n<p>En el auditorio de la Benem\u00e9rita Escuela Normal Veracruzana, el Director se deslind\u00f3 de la supuesta vulneraci\u00f3n de seguridad cibern\u00e9tica en el micrositio oficial de la Direcci\u00f3n de Educaci\u00f3n Normal.<\/p>\n","protected":false},"excerpt":{"rendered":"<p>Juan Arcos Xalapa, Ver.- El director de la BENV, Gerardo G\u00f3mez Salas, se\u00f1al\u00f3 que esta situaci\u00f3n afect\u00f3 el proceso para el ingreso a la educaci\u00f3n normal en el estado de Veracruz, cuya convocatoria fue lanzada en abril pasado. Detall\u00f3 que lo anterior provoc\u00f3 que la publicaci\u00f3n del pasado 18 de agosto en la p\u00e1gina web, [&hellip;]<\/p>\n","protected":false},"author":2476,"featured_media":45211,"comment_status":"open","ping_status":"open","sticky":false,"template":"","format":"standard","meta":{"_jetpack_memberships_contains_paid_content":false,"footnotes":""},"categories":[2],"tags":[],"class_list":["post-45210","post","type-post","status-publish","format-standard","has-post-thumbnail","hentry","category-estado"],"jetpack_featured_media_url":"https:\/\/encuentroinformativo.com.mx\/wp-content\/uploads\/2023\/09\/IMG_4067.jpg","jetpack_sharing_enabled":true,"jetpack_likes_enabled":true,"amp_enabled":true,"_links":{"self":[{"href":"https:\/\/encuentroinformativo.com.mx\/index.php?rest_route=\/wp\/v2\/posts\/45210","targetHints":{"allow":["GET"]}}],"collection":[{"href":"https:\/\/encuentroinformativo.com.mx\/index.php?rest_route=\/wp\/v2\/posts"}],"about":[{"href":"https:\/\/encuentroinformativo.com.mx\/index.php?rest_route=\/wp\/v2\/types\/post"}],"author":[{"embeddable":true,"href":"https:\/\/encuentroinformativo.com.mx\/index.php?rest_route=\/wp\/v2\/users\/2476"}],"replies":[{"embeddable":true,"href":"https:\/\/encuentroinformativo.com.mx\/index.php?rest_route=%2Fwp%2Fv2%2Fcomments&post=45210"}],"version-history":[{"count":2,"href":"https:\/\/encuentroinformativo.com.mx\/index.php?rest_route=\/wp\/v2\/posts\/45210\/revisions"}],"predecessor-version":[{"id":45230,"href":"https:\/\/encuentroinformativo.com.mx\/index.php?rest_route=\/wp\/v2\/posts\/45210\/revisions\/45230"}],"wp:featuredmedia":[{"embeddable":true,"href":"https:\/\/encuentroinformativo.com.mx\/index.php?rest_route=\/wp\/v2\/media\/45211"}],"wp:attachment":[{"href":"https:\/\/encuentroinformativo.com.mx\/index.php?rest_route=%2Fwp%2Fv2%2Fmedia&parent=45210"}],"wp:term":[{"taxonomy":"category","embeddable":true,"href":"https:\/\/encuentroinformativo.com.mx\/index.php?rest_route=%2Fwp%2Fv2%2Fcategories&post=45210"},{"taxonomy":"post_tag","embeddable":true,"href":"https:\/\/encuentroinformativo.com.mx\/index.php?rest_route=%2Fwp%2Fv2%2Ftags&post=45210"}],"curies":[{"name":"wp","href":"https:\/\/api.w.org\/{rel}","templated":true}]}}