{"id":45216,"date":"2023-09-14T17:59:06","date_gmt":"2023-09-14T23:59:06","guid":{"rendered":"https:\/\/encuentroinformativo.com.mx\/?p=45216"},"modified":"2023-09-14T17:59:06","modified_gmt":"2023-09-14T23:59:06","slug":"solicitan-remocion-de-directora-de-telesecundaria-en-xalapa","status":"publish","type":"post","link":"https:\/\/encuentroinformativo.com.mx\/?p=45216","title":{"rendered":"Solicitan remoci\u00f3n de directora de telesecundaria en Xalapa"},"content":{"rendered":"\n<p><strong>Juan Arcos <\/strong><\/p>\n\n\n\n<p>Xalapa, Ver.- Madres y padres de familia se manifestaron en la telesecundaria &#8220;Rafael Lucio N\u00e1jera&#8221;, en la ciudad de Xalapa, donde reclamaron la remoci\u00f3n de la directora del plantel, a quien se\u00f1alan de maltratar a los alumnos y no rendir cuentas en el ejercicio de los recursos econ\u00f3micos.<\/p>\n\n\n\n<p>Los quejosos denunciaron que la profesora ha desempa\u00f1ado una mala gesti\u00f3n administrativa y ha cometido presuntos agravios contra el estudiantado.<\/p>\n\n\n\n<p>Tambi\u00e9n pegaron lonas y pancartas sobre la fachada de la escuela, ubicada sobre las calles Manuel M. Contreras y Graciano Valenzuela, de la colonia Rafael Lucio, donde las clases no fueron suspendidas.<\/p>\n\n\n\n<p>Acusaron a la directora de prepotente, malos tratos, falta de rendici\u00f3n de cuentas, amenazas y de presunto hostigamiento a quien opine distinto a ella.<\/p>\n\n\n\n<p>De acuerdo con Vianney, una de las mam\u00e1s, tambi\u00e9n han detectado que los alimentos proporcionados por el Sistema para el Desarrollo Integral de la Familia (DIF) son almacenados y acumulados en el plantel, por lo que se han \u201cechado a perder\u201d.<\/p>\n\n\n\n<p>A los alumnos les cobran 15 pesos por los alimentos, sin embargo, las mam\u00e1s y pap\u00e1s temen que no est\u00e9n en buen estado y provoquen enfermedades a los menores.<\/p>\n\n\n\n<p>Por tal motivo, las personas solicitaron la intervenci\u00f3n de las autoridades educativas para atender dicha problem\u00e1tica.<\/p>\n\n\n\n<p>La directora de la escuela y los inconformes se reunieron en un sal\u00f3n de clases para dialogar y llegar a un posible acuerdo.<\/p>\n","protected":false},"excerpt":{"rendered":"<p>Juan Arcos Xalapa, Ver.- Madres y padres de familia se manifestaron en la telesecundaria &#8220;Rafael Lucio N\u00e1jera&#8221;, en la ciudad de Xalapa, donde reclamaron la remoci\u00f3n de la directora del plantel, a quien se\u00f1alan de maltratar a los alumnos y no rendir cuentas en el ejercicio de los recursos econ\u00f3micos. Los quejosos denunciaron que la [&hellip;]<\/p>\n","protected":false},"author":2476,"featured_media":45217,"comment_status":"open","ping_status":"open","sticky":false,"template":"","format":"standard","meta":{"_jetpack_memberships_contains_paid_content":false,"footnotes":""},"categories":[3],"tags":[],"class_list":["post-45216","post","type-post","status-publish","format-standard","has-post-thumbnail","hentry","category-xalapa"],"jetpack_featured_media_url":"https:\/\/encuentroinformativo.com.mx\/wp-content\/uploads\/2023\/09\/0a07358a-a3ec-45bb-9205-ca9e279f826d.jpg","jetpack_sharing_enabled":true,"jetpack_likes_enabled":true,"amp_enabled":true,"_links":{"self":[{"href":"https:\/\/encuentroinformativo.com.mx\/index.php?rest_route=\/wp\/v2\/posts\/45216","targetHints":{"allow":["GET"]}}],"collection":[{"href":"https:\/\/encuentroinformativo.com.mx\/index.php?rest_route=\/wp\/v2\/posts"}],"about":[{"href":"https:\/\/encuentroinformativo.com.mx\/index.php?rest_route=\/wp\/v2\/types\/post"}],"author":[{"embeddable":true,"href":"https:\/\/encuentroinformativo.com.mx\/index.php?rest_route=\/wp\/v2\/users\/2476"}],"replies":[{"embeddable":true,"href":"https:\/\/encuentroinformativo.com.mx\/index.php?rest_route=%2Fwp%2Fv2%2Fcomments&post=45216"}],"version-history":[{"count":1,"href":"https:\/\/encuentroinformativo.com.mx\/index.php?rest_route=\/wp\/v2\/posts\/45216\/revisions"}],"predecessor-version":[{"id":45219,"href":"https:\/\/encuentroinformativo.com.mx\/index.php?rest_route=\/wp\/v2\/posts\/45216\/revisions\/45219"}],"wp:featuredmedia":[{"embeddable":true,"href":"https:\/\/encuentroinformativo.com.mx\/index.php?rest_route=\/wp\/v2\/media\/45217"}],"wp:attachment":[{"href":"https:\/\/encuentroinformativo.com.mx\/index.php?rest_route=%2Fwp%2Fv2%2Fmedia&parent=45216"}],"wp:term":[{"taxonomy":"category","embeddable":true,"href":"https:\/\/encuentroinformativo.com.mx\/index.php?rest_route=%2Fwp%2Fv2%2Fcategories&post=45216"},{"taxonomy":"post_tag","embeddable":true,"href":"https:\/\/encuentroinformativo.com.mx\/index.php?rest_route=%2Fwp%2Fv2%2Ftags&post=45216"}],"curies":[{"name":"wp","href":"https:\/\/api.w.org\/{rel}","templated":true}]}}