{"id":4522,"date":"2020-07-30T08:45:15","date_gmt":"2020-07-30T13:45:15","guid":{"rendered":"https:\/\/encuentroinformativo.com\/?p=4522"},"modified":"2020-07-30T08:45:18","modified_gmt":"2020-07-30T13:45:18","slug":"covid-19-voluntad-anticipada-y-testamento","status":"publish","type":"post","link":"https:\/\/encuentroinformativo.com.mx\/?p=4522","title":{"rendered":"Covid-19, Voluntad Anticipada y Testamento"},"content":{"rendered":"\n<p><strong>Los Pol\u00edticos<\/strong><\/p>\n\n\n\n<p><strong>Salvador Mu\u00f1oz<\/strong><\/p>\n\n\n\n<p>Tenemos leyes y pol\u00edticas p\u00fablicas para Bien Vivir, pero tambi\u00e9n tenemos para Bien Morir que es la Voluntad Anticipada, que curiosamente, en estos tiempos de Pandemia, deber\u00edamos de tomar en cuenta junto con otro tema que, se quiera o no, guste o no, va de la mano: el testamento.<\/p>\n\n\n\n<p>Leo una entrevista que le hacen en Al Calor Pol\u00edtico a Armando Adriano Fabre, titular de la Notar\u00eda P\u00fablica 61 asentada en Boca del R\u00edo, donde aborda el tema de la Voluntad Anticipada, propuesta que llev\u00f3 en su momento al Congreso local, la entonces diputada Mariely Manterola Saenz.<\/p>\n\n\n\n<p>Platico con el fedatario y si bien, es un tema bastante complicado, pues en nuestra formaci\u00f3n no se piensa en un deceso, pero las condiciones a las que nos enfrentamos, como es esta Pandemia, deben de obligarnos a prevenir, a cuidar, a proteger a nuestros seres queridos as\u00ed como a uno mismo\u2026 y para eso est\u00e1n las Leyes.<\/p>\n\n\n\n<p>Se supone, me explica Adriano Fabre, que cuando se llega a un Hospital, sea p\u00fablico o privado, alguien debe ofrecerte un formulario por si quieres hacer patente tu deseo de aplicar la Ley de Voluntad Anticipada\u2026<\/p>\n\n\n\n<p>Vamos por pasos, \u00bfqu\u00e9 es esta Ley? Ac\u00e1 lo ponemos en tres puntos:<\/p>\n\n\n\n<p>Art\u00edculo 1. Garantiza la atenci\u00f3n m\u00e9dica a enfermos en situaci\u00f3n terminal, as\u00ed como a la negativa de someterse a medios, tratamientos y\/o procedimientos m\u00e9dicos que pretendan prolongar de manera innecesaria su vida, protegiendo en todo momento la dignidad de la persona, cuando por razones m\u00e9dicas, fortuitas o de fuerza mayor, sea imposible mantener su vida de manera natural.<\/p>\n\n\n\n<p>Art\u00edculo 2. No permite ni faculta bajo ninguna circunstancia la realizaci\u00f3n de conductas que tengan como consecuencia el acortamiento intencional de la vida.<\/p>\n\n\n\n<p>Art\u00edculo 3. Toda persona con plena capacidad de ejercicio, en cualquier tiempo podr\u00e1 manifestar su voluntad anticipada de manera expresa, libre e informada en los t\u00e9rminos de la presente Ley, para decidir o no sobre la aplicaci\u00f3n de tratamientos m\u00e9dicos en caso de padecer una enfermedad derivada de una patolog\u00eda terminal, incurable e irreversible y estar en situaci\u00f3n terminal, en los t\u00e9rminos de la presente Ley.<\/p>\n\n\n\n<p>El asunto es, me cuenta Armando Adriano, \u00bfqu\u00e9 pasa si uno llega mal al Hospital, en este caso, por Covid-19, y se le da este formulario y lo firma? \u00a1Aguas! porque se puede decir que iba estresado, en shock, presa de nervios, \u00a1vamos! \u00a1hasta sedado! por eso recomienda Armando Adriano que en un momento de paz, de tranquilidad, considerar este derecho y si acaso lo decide, acudir ante el Notario de su preferencia y hacer patente su voluntad de apegarse a esta Ley\u2026 \u201cno es sabio el que resuelve, sino el que previene\u201d.<\/p>\n\n\n\n<p>\u00bfParece cruel hablar de esto? Para nuestra formaci\u00f3n creada en un esquema de vida sin muerte, s\u00ed, pero hay dos puntos que cualquier ciudadano debe tomar en cuenta, platica el Notario, desde el momento en que se nace, nuestra vida empieza a morir, por as\u00ed decirlo, y lo m\u00e1s importante, estamos sujetos a disposiciones legales que si no se toman en cuenta, pueden ocasionar m\u00e1s da\u00f1o que el dolor de la p\u00e9rdida de un ser querido: pleitos entre familias, disputas, ri\u00f1as\u2026 ah\u00ed entra la recomendaci\u00f3n del Testamento\u2026 dejen atr\u00e1s esa idea de \u201c\u00bfYa quieres que me muera?\u201d y pasen al \u201cNo les quiero dejar problemas\u201d.<\/p>\n\n\n\n<p>Tampoco es engorroso ir ante un Notario para tratar estos dos puntos\u2026 y mucho menos caro\u2026 ahora s\u00ed, a veces depende del sapo\u2026 aunque la idea b\u00e1sica en esta pl\u00e1tica con Armando Adriano Fabre, es comprender el momento en que estamos pasando por una pandemia que de repente, \u00a1zaz! te lleva al Hospital\u2026 \u201cparafraseando a Jorge Luis Borges: para transformar la realidad, primero hay que reconocerla\u201d&#8230; todos queremos bien vivir, pero igual hay que pensar en el bien morir y eso es una decisi\u00f3n que podemos tomar a tiempo con la idea central de no dejar problemas a nuestros seres queridos\u2026 ac\u00e1 deja el tema sobre la mesa el Notario: Voluntad Anticipada y Testamento\u2026 com\u00e9ntelo en casa\u2026<br><\/p>\n\n\n\n<p><a href=\"mailto:smcainito@gmail.com\" target=\"_blank\" rel=\"noreferrer noopener\">smcainito@gmail.com<\/a><\/p>\n","protected":false},"excerpt":{"rendered":"<p>Los Pol\u00edticos Salvador Mu\u00f1oz Tenemos leyes y pol\u00edticas p\u00fablicas para Bien Vivir, pero tambi\u00e9n tenemos para Bien Morir que es la Voluntad Anticipada, que curiosamente, en estos tiempos de Pandemia, deber\u00edamos de tomar en cuenta junto con otro tema que, se quiera o no, guste o no, va de la mano: el testamento. Leo una [&hellip;]<\/p>\n","protected":false},"author":1,"featured_media":387,"comment_status":"open","ping_status":"open","sticky":false,"template":"","format":"standard","meta":{"_jetpack_memberships_contains_paid_content":false,"footnotes":""},"categories":[11],"tags":[],"class_list":["post-4522","post","type-post","status-publish","format-standard","has-post-thumbnail","hentry","category-opinion"],"jetpack_featured_media_url":"https:\/\/encuentroinformativo.com.mx\/wp-content\/uploads\/2020\/03\/7CF8A22B-2764-47BE-8F7F-38FE9E5D6A2F.jpeg","jetpack_sharing_enabled":true,"jetpack_likes_enabled":true,"amp_enabled":true,"_links":{"self":[{"href":"https:\/\/encuentroinformativo.com.mx\/index.php?rest_route=\/wp\/v2\/posts\/4522","targetHints":{"allow":["GET"]}}],"collection":[{"href":"https:\/\/encuentroinformativo.com.mx\/index.php?rest_route=\/wp\/v2\/posts"}],"about":[{"href":"https:\/\/encuentroinformativo.com.mx\/index.php?rest_route=\/wp\/v2\/types\/post"}],"author":[{"embeddable":true,"href":"https:\/\/encuentroinformativo.com.mx\/index.php?rest_route=\/wp\/v2\/users\/1"}],"replies":[{"embeddable":true,"href":"https:\/\/encuentroinformativo.com.mx\/index.php?rest_route=%2Fwp%2Fv2%2Fcomments&post=4522"}],"version-history":[{"count":1,"href":"https:\/\/encuentroinformativo.com.mx\/index.php?rest_route=\/wp\/v2\/posts\/4522\/revisions"}],"predecessor-version":[{"id":4523,"href":"https:\/\/encuentroinformativo.com.mx\/index.php?rest_route=\/wp\/v2\/posts\/4522\/revisions\/4523"}],"wp:featuredmedia":[{"embeddable":true,"href":"https:\/\/encuentroinformativo.com.mx\/index.php?rest_route=\/wp\/v2\/media\/387"}],"wp:attachment":[{"href":"https:\/\/encuentroinformativo.com.mx\/index.php?rest_route=%2Fwp%2Fv2%2Fmedia&parent=4522"}],"wp:term":[{"taxonomy":"category","embeddable":true,"href":"https:\/\/encuentroinformativo.com.mx\/index.php?rest_route=%2Fwp%2Fv2%2Fcategories&post=4522"},{"taxonomy":"post_tag","embeddable":true,"href":"https:\/\/encuentroinformativo.com.mx\/index.php?rest_route=%2Fwp%2Fv2%2Ftags&post=4522"}],"curies":[{"name":"wp","href":"https:\/\/api.w.org\/{rel}","templated":true}]}}