{"id":45231,"date":"2023-09-14T22:33:17","date_gmt":"2023-09-15T04:33:17","guid":{"rendered":"https:\/\/encuentroinformativo.com.mx\/?p=45231"},"modified":"2023-09-14T22:33:21","modified_gmt":"2023-09-15T04:33:21","slug":"alcalde-jm-unanue-pone-en-marcha-la-brigada-masiva-boca-contra-el-dengue","status":"publish","type":"post","link":"https:\/\/encuentroinformativo.com.mx\/?p=45231","title":{"rendered":"Alcalde JM Un\u00e1nue pone en marcha la brigada masiva \u201cBoca contra el Dengue\u201d"},"content":{"rendered":"\n<p><strong>*<em>Esta campa\u00f1a se llevar\u00e1 a cabo en coordinaci\u00f3n con la Jurisdicci\u00f3n Sanitaria VIII con la finalidad de eliminar masivamente los criaderos del mosquito transmisor del dengue en todo Boca del R\u00edo<\/em>.<\/strong><\/p>\n\n\n\n<p>Boca del R\u00edo, Ver.- Con la finalidad de combatir al mosquito transmisor del dengue, el Alcalde de Boca del Rio, Juan Manuel Un\u00e1nue Abascal y la presidenta del DIF municipal, Melina Rivera de Un\u00e1nue, dieron el banderazo para el inicio de la Brigada de Eliminaci\u00f3n Masiva de Criaderos &#8220;Boca contra el Dengue&#8221; desde la colonia Manuel Nieto.<\/p>\n\n\n\n<p>Esta campa\u00f1a se llevar\u00e1 a cabo en coordinaci\u00f3n con la Jurisdicci\u00f3n Sanitaria VIII, por lo que el edil agradeci\u00f3 al enlace de Promoci\u00f3n de la Salud de esa dependencia, Antonio Abad V\u00e1zquez, por la disposici\u00f3n para sumar esfuerzos en beneficio de la poblaci\u00f3n boque\u00f1a.<\/p>\n\n\n\n<p>\u201cEs un esfuerzo en conjunto, la Jurisdicci\u00f3n (Sanitaria) nos est\u00e1 dotando de herramientas, nos est\u00e1 poniendo m\u00e1quinas que ya est\u00e1n montadas en veh\u00edculos pickup propiedad del gobierno municipal de Boca del R\u00edo, el ayuntamiento tambi\u00e9n est\u00e1 poniendo maquinaria para llevar a cabo esta importante brigada\u201d, destac\u00f3 el ejecutivo municipal.<\/p>\n\n\n\n<p>Durante esta campa\u00f1a se visitar\u00e1n todas las colonias del municipio, iniciando con aquellas que presenten mayor incidencia de la enfermedad, por lo que se acudir\u00e1 casa por casa para descacharrizar y colocar insecticidas, as\u00ed como larvicidas en \u00e1reas donde sea factible la proliferaci\u00f3n del mosquito y se continuar\u00e1n realizando los trabajos de fumigaci\u00f3n.<\/p>\n\n\n\n<p>Un\u00e1nue Abascal record\u00f3 que estas acciones de fumigaci\u00f3n se realizan desde inicios del 2023 en m\u00e1s de 45 colonias del municipio como parte de las acciones preventivas.<\/p>\n\n\n\n<p>En la brigada de eliminaci\u00f3n masiva de criaderos participan m\u00e1s de 50 elementos municipales del DIF municipal, Limpia P\u00fablica, Desarrollo social, Participaci\u00f3n Ciudadana y Gobernaci\u00f3n.<\/p>\n\n\n\n<p>Los recorridos iniciar\u00e1n de manera calendarizada por las diferentes colonias de la ciudad, las cuales ser\u00e1n anunciadas por las redes oficiales del gobierno municipal.<\/p>\n\n\n\n<p>Por su parte, el enlace de Promoci\u00f3n de la Salud de la Jurisdicci\u00f3n Sanitaria VIII, Antonio Abad V\u00e1zquez, destac\u00f3 la importancia de implementar estas acciones de manera temprana para evitar que contin\u00fae la reproducci\u00f3n del mosquito transmisor de enfermedades.<\/p>\n\n\n\n<p>\u201cLa eliminaci\u00f3n de criaderos busca reducir los factores de riesgo que inciden en el incremento de los huevecillos del mosquito transmisor del dengue cumpliendo con la corresponsabilidad en los sectores p\u00fablico, social y privado\u201d, expres\u00f3 Abad V\u00e1zquez.<\/p>\n\n\n\n<p>Finalmente, el Presidente Municipal, Juan Manuel Un\u00e1nue Abascal, invit\u00f3 a la poblaci\u00f3n a participar en esta brigada desechando cualquier objeto o cacharro en el que se pueda acumular agua para evitar la proliferaci\u00f3n del mosquito transmisor del dengue en los puntos de recolecci\u00f3n que se dar\u00e1n a conocer en pr\u00f3ximas fechas.<\/p>\n\n\n\n<p>En el acto protocolario estuvieron presentes, la S\u00edndica \u00danica; Susana Tiburcio Galicia, Silvia Pe\u00f1a Rico Panzzi; Regidora Cuarta, adem\u00e1s de la Directora del DIF municipal; Yamileth Herrera D\u00edaz y el Director de Desarrollo Social; Leopoldo Dom\u00ednguez Zamudio.<\/p>\n\n\n\n<p>De igual forma estuvo en el evento el Director de Participaci\u00f3n Ciudadana; Hugo Delf\u00edn V\u00e1zquez y Raymundo Montesinos Romero; Director de Limpia P\u00fablica.<\/p>\n\n\n\n<figure class=\"wp-block-image size-large\"><img loading=\"lazy\" decoding=\"async\" width=\"960\" height=\"638\" src=\"https:\/\/encuentroinformativo.com.mx\/wp-content\/uploads\/2023\/09\/IMG-20230914-WA0209.jpg\" alt=\"\" class=\"wp-image-45233\" srcset=\"https:\/\/encuentroinformativo.com.mx\/wp-content\/uploads\/2023\/09\/IMG-20230914-WA0209.jpg 960w, https:\/\/encuentroinformativo.com.mx\/wp-content\/uploads\/2023\/09\/IMG-20230914-WA0209-300x199.jpg 300w, https:\/\/encuentroinformativo.com.mx\/wp-content\/uploads\/2023\/09\/IMG-20230914-WA0209-768x510.jpg 768w\" sizes=\"auto, (max-width: 960px) 100vw, 960px\" \/><\/figure>\n","protected":false},"excerpt":{"rendered":"<p>*Esta campa\u00f1a se llevar\u00e1 a cabo en coordinaci\u00f3n con la Jurisdicci\u00f3n Sanitaria VIII con la finalidad de eliminar masivamente los criaderos del mosquito transmisor del dengue en todo Boca del R\u00edo. Boca del R\u00edo, Ver.- Con la finalidad de combatir al mosquito transmisor del dengue, el Alcalde de Boca del Rio, Juan Manuel Un\u00e1nue Abascal [&hellip;]<\/p>\n","protected":false},"author":2476,"featured_media":45232,"comment_status":"open","ping_status":"open","sticky":false,"template":"","format":"standard","meta":{"_jetpack_memberships_contains_paid_content":false,"footnotes":""},"categories":[9],"tags":[],"class_list":["post-45231","post","type-post","status-publish","format-standard","has-post-thumbnail","hentry","category-salud"],"jetpack_featured_media_url":"https:\/\/encuentroinformativo.com.mx\/wp-content\/uploads\/2023\/09\/IMG-20230914-WA0214.jpg","jetpack_sharing_enabled":true,"jetpack_likes_enabled":true,"amp_enabled":true,"_links":{"self":[{"href":"https:\/\/encuentroinformativo.com.mx\/index.php?rest_route=\/wp\/v2\/posts\/45231","targetHints":{"allow":["GET"]}}],"collection":[{"href":"https:\/\/encuentroinformativo.com.mx\/index.php?rest_route=\/wp\/v2\/posts"}],"about":[{"href":"https:\/\/encuentroinformativo.com.mx\/index.php?rest_route=\/wp\/v2\/types\/post"}],"author":[{"embeddable":true,"href":"https:\/\/encuentroinformativo.com.mx\/index.php?rest_route=\/wp\/v2\/users\/2476"}],"replies":[{"embeddable":true,"href":"https:\/\/encuentroinformativo.com.mx\/index.php?rest_route=%2Fwp%2Fv2%2Fcomments&post=45231"}],"version-history":[{"count":1,"href":"https:\/\/encuentroinformativo.com.mx\/index.php?rest_route=\/wp\/v2\/posts\/45231\/revisions"}],"predecessor-version":[{"id":45234,"href":"https:\/\/encuentroinformativo.com.mx\/index.php?rest_route=\/wp\/v2\/posts\/45231\/revisions\/45234"}],"wp:featuredmedia":[{"embeddable":true,"href":"https:\/\/encuentroinformativo.com.mx\/index.php?rest_route=\/wp\/v2\/media\/45232"}],"wp:attachment":[{"href":"https:\/\/encuentroinformativo.com.mx\/index.php?rest_route=%2Fwp%2Fv2%2Fmedia&parent=45231"}],"wp:term":[{"taxonomy":"category","embeddable":true,"href":"https:\/\/encuentroinformativo.com.mx\/index.php?rest_route=%2Fwp%2Fv2%2Fcategories&post=45231"},{"taxonomy":"post_tag","embeddable":true,"href":"https:\/\/encuentroinformativo.com.mx\/index.php?rest_route=%2Fwp%2Fv2%2Ftags&post=45231"}],"curies":[{"name":"wp","href":"https:\/\/api.w.org\/{rel}","templated":true}]}}