{"id":45238,"date":"2023-09-14T18:40:13","date_gmt":"2023-09-15T00:40:13","guid":{"rendered":"https:\/\/encuentroinformativo.com.mx\/?p=45238"},"modified":"2023-09-14T22:42:23","modified_gmt":"2023-09-15T04:42:23","slug":"en-cosamaloapan-rescatan-350-migrantes-hacinados-en-trailer","status":"publish","type":"post","link":"https:\/\/encuentroinformativo.com.mx\/?p=45238","title":{"rendered":"En Cosamaloapan, rescatan 350 migrantes hacinados en tr\u00e1iler"},"content":{"rendered":"\n<p><strong>Juan Arcos <\/strong><\/p>\n\n\n\n<p>Xalapa, Ver.- Un total de 350 migrantes centroamericanos fueron rescatados la madrugada de este jueves 14 de septiembre en la zona centro del estado de Veracruz, pues se encontraban hacinados y deshidratados al interior la caja de un tr\u00e1iler.<\/p>\n\n\n\n<p>El Instituto Nacional de Migraci\u00f3n (INM) dio a conocer que en coordinaci\u00f3n con organismos federales y estatales de seguridad se identific\u00f3 a las mujeres, hombres y menores de edad originarios de Guatemala, Ecuador, Honduras y El Salvador.<\/p>\n\n\n\n<p>Esto ocurri\u00f3 en la caseta de cobro de Cosamaloapan, ubicado en la Cuenca del Papaloapan, donde se le marc\u00f3 el alto al conductor del transporte de carga y mediante un dispositivo con rayos gamma se detect\u00f3 la presencia de personas al interior del contenedor.<\/p>\n\n\n\n<p>Al acercarse, el personal del INM y los elementos de seguridad escucharon gritos y golpes en la parte trasera de la unidad, por lo que procedieron a romper los sellos de la puerta posterior y, al abrirla, los propios migrantes removieron una mampara que les imped\u00eda tomar aire.<\/p>\n\n\n\n<p>En la zona de seguridad, la autoridad migratoria identific\u00f3 a 350 personas extranjeras que no pudieron comprobar su estancia regular en el pa\u00eds: 340 provenientes de Guatemala, seis de Ecuador, tres de Honduras y uno de El Salvador.<\/p>\n\n\n\n<p>Los menores de edad y quienes conformaban n\u00facleos familiares quedaron bajo la tutela del Sistema para el Desarrollo Integral de la Familia (DIF) del municipio de Cosamalopan.<\/p>\n\n\n\n<p>Mientras que las personas adultas fueron conducidas a una sede del INM en el estado a fin iniciar el procedimiento para definir su situaci\u00f3n migratoria en M\u00e9xico.<\/p>\n\n\n\n<p>El tr\u00e1iler y el conductor quedaron a disposici\u00f3n de la Fiscal\u00eda General de la Rep\u00fablica (FGR).<\/p>\n\n\n\n<p><strong>CONSTANTES OPERATIVOS<\/strong><\/p>\n\n\n\n<p>El pasado 11 de septiembre, se dio a conocer que un total de 209 migrantes fueron resguardados en cuatro municipios de Veracruz durante diversos operativos de la Secretar\u00eda de Seguridad P\u00fablica (SSP) que se llevaron a cabo del 4 al 8 de septiembre.<\/p>\n\n\n\n<p>Los elementos de la Polic\u00eda Estatal y Fuerza Civil rescataron a las personas de origen extranjero que transitaban de manera irregular en los municipios de Cuitl\u00e1huac, Orizaba, R\u00edo Blanco y Acayucan.<\/p>\n\n\n\n<p>Los polic\u00edas circulaban en la carretera C\u00f3rdoba-Boca del R\u00edo, a la altura de Cuitl\u00e1huac, cuando detectaron a 38 personas procedentes de Venezuela, 16 guatemaltecos, 12 salvadore\u00f1os, cinco cubanos, cuatro de Senegal y un ecuatoriano.<\/p>\n\n\n\n<p>Asimismo, en la calle Sur 4 de la colonia Agr\u00edcola Librado en el municipio de Orizaba, efectivos de Fuerza Civil localizaron a 25 hondure\u00f1os, 16 guatemaltecos, ocho venezolanos y dos salvadore\u00f1os.<\/p>\n\n\n\n<p>En R\u00edo Blanco, en la zona central monta\u00f1osa de Veracruz, personal de SSP resguard\u00f3 en la calle Independencia de la colonia Modelo a 32 hondure\u00f1os, 16, venezolanos, un guatemalteco y un nicarag\u00fcense.<\/p>\n\n\n\n<p>Mientras que en la carretera Acayucan- Veracruz, elementos estatales brindaron apoyo humanitario a nueve ecuatorianos, ocho guatemaltecos, siete hondure\u00f1os, cinco venezolanos, un cubano, un colombiano y un chileno.<\/p>\n","protected":false},"excerpt":{"rendered":"<p>Juan Arcos Xalapa, Ver.- Un total de 350 migrantes centroamericanos fueron rescatados la madrugada de este jueves 14 de septiembre en la zona centro del estado de Veracruz, pues se encontraban hacinados y deshidratados al interior la caja de un tr\u00e1iler. El Instituto Nacional de Migraci\u00f3n (INM) dio a conocer que en coordinaci\u00f3n con organismos [&hellip;]<\/p>\n","protected":false},"author":2476,"featured_media":45236,"comment_status":"open","ping_status":"open","sticky":false,"template":"","format":"standard","meta":{"_jetpack_memberships_contains_paid_content":false,"footnotes":""},"categories":[2],"tags":[],"class_list":["post-45238","post","type-post","status-publish","format-standard","has-post-thumbnail","hentry","category-estado"],"jetpack_featured_media_url":"https:\/\/encuentroinformativo.com.mx\/wp-content\/uploads\/2023\/09\/IMG_5211.jpg","jetpack_sharing_enabled":true,"jetpack_likes_enabled":true,"amp_enabled":true,"_links":{"self":[{"href":"https:\/\/encuentroinformativo.com.mx\/index.php?rest_route=\/wp\/v2\/posts\/45238","targetHints":{"allow":["GET"]}}],"collection":[{"href":"https:\/\/encuentroinformativo.com.mx\/index.php?rest_route=\/wp\/v2\/posts"}],"about":[{"href":"https:\/\/encuentroinformativo.com.mx\/index.php?rest_route=\/wp\/v2\/types\/post"}],"author":[{"embeddable":true,"href":"https:\/\/encuentroinformativo.com.mx\/index.php?rest_route=\/wp\/v2\/users\/2476"}],"replies":[{"embeddable":true,"href":"https:\/\/encuentroinformativo.com.mx\/index.php?rest_route=%2Fwp%2Fv2%2Fcomments&post=45238"}],"version-history":[{"count":1,"href":"https:\/\/encuentroinformativo.com.mx\/index.php?rest_route=\/wp\/v2\/posts\/45238\/revisions"}],"predecessor-version":[{"id":45239,"href":"https:\/\/encuentroinformativo.com.mx\/index.php?rest_route=\/wp\/v2\/posts\/45238\/revisions\/45239"}],"wp:featuredmedia":[{"embeddable":true,"href":"https:\/\/encuentroinformativo.com.mx\/index.php?rest_route=\/wp\/v2\/media\/45236"}],"wp:attachment":[{"href":"https:\/\/encuentroinformativo.com.mx\/index.php?rest_route=%2Fwp%2Fv2%2Fmedia&parent=45238"}],"wp:term":[{"taxonomy":"category","embeddable":true,"href":"https:\/\/encuentroinformativo.com.mx\/index.php?rest_route=%2Fwp%2Fv2%2Fcategories&post=45238"},{"taxonomy":"post_tag","embeddable":true,"href":"https:\/\/encuentroinformativo.com.mx\/index.php?rest_route=%2Fwp%2Fv2%2Ftags&post=45238"}],"curies":[{"name":"wp","href":"https:\/\/api.w.org\/{rel}","templated":true}]}}