{"id":45244,"date":"2023-09-15T13:05:28","date_gmt":"2023-09-15T19:05:28","guid":{"rendered":"https:\/\/encuentroinformativo.com.mx\/?p=45244"},"modified":"2023-09-15T13:05:32","modified_gmt":"2023-09-15T19:05:32","slug":"los-esfinteres-no-perdonan","status":"publish","type":"post","link":"https:\/\/encuentroinformativo.com.mx\/?p=45244","title":{"rendered":"LOS ESF\u00cdNTERES NO PERDONAN"},"content":{"rendered":"\n<p><strong>Los Pol\u00edticos<\/strong><\/p>\n\n\n\n<p><strong>Salvador Mu\u00f1oz<\/strong><\/p>\n\n\n\n<p>\u00bfEscuch\u00f3 el caso de la persona Trans que fue sacada del ba\u00f1o de mujeres en la Cineteca Nacional? Perm\u00edtanme dar mi opini\u00f3n desde mi lado intolerante\u2026<\/p>\n\n\n\n<p>S\u00ed, lo confieso, soy un intolerante a la lactosa y estando en la Ciudad de M\u00e9xico, alg\u00fan helado, crema o sepa Dios! Hizo su efecto y tuve que recurrir a los ba\u00f1os de la Plaza Comercial en que pase\u00e1bamos con todo y mi desagrado.<\/p>\n\n\n\n<p>Cuando llego al ba\u00f1o, hab\u00eda una larga fila esperando\u2026 los mingitorios libres pero los escusados, ocupados. El muchacho del aseo le dijo al que estaba delante y a m\u00ed, que ten\u00eda rato que no se desocupaban\u2026 Limpi\u00f3 un poco por el \u00e1rea de los lavabos y se retir\u00f3. Se los juro, pasaron 10 minutos y conforme pasaba la gente, parec\u00eda que m\u00e1s se tardaban\u2026 y mis c\u00f3licos aumentaban. Volvi\u00f3 el chavo del aseo y nos dijo, al ver nuestra angustia reflejada en un buen apret\u00f3n de cachetes (usted ha de entender): \u201cEl ba\u00f1o para personas con discapacidad est\u00e1 ocupado, pero en cuanto salgan, si gustan, pasen, nom\u00e1s no ensucien mucho\u201d. Agradecimos la atenci\u00f3n y entonces aguardamos y al tiempo que se desocupaba un lugar en el ba\u00f1o para hombres, o\u00ed que se abr\u00eda la puerta para personas con discapacidad. No lo pens\u00e9 mucho y me dirig\u00ed a \u00e9l, mientras ve\u00eda c\u00f3mo una se\u00f1ora con su beb\u00e9 y un ni\u00f1o como de cuatro a\u00f1os, se retiraban. \u00a1Hice lo que ten\u00eda que hacer!<\/p>\n\n\n\n<p>Cuando sal\u00ed, sent\u00eda las miradas inquisitoriales, pero yo estaba bien.<\/p>\n\n\n\n<p><strong>II<\/strong><\/p>\n\n\n\n<p>No s\u00e9 cu\u00e1l sea su reacci\u00f3n, usted, se\u00f1or, joven, ni\u00f1o, si de repente, estando en el sanitario, ve a una mujer entrando a lo que se va al ba\u00f1o\u2026 Es posible que un \u201calma caritativa\u201d pretenda sacarla de su error y del lugar, dici\u00e9ndole que es el ba\u00f1o \u201cpara hombres\u201d&#8230; Habr\u00e1 quien se moleste, habr\u00e1 a quien le incomode la presencia femenina y hasta haya quienes realmente les valga un cacahuate que est\u00e9 o no all\u00ed\u2026 \u00a1Uno va a lo que va!<\/p>\n\n\n\n<p>Pong\u00e1monos del otro lado: \u00bfQu\u00e9 pasa si una se\u00f1ora, joven o ni\u00f1a ve que entra un hombre al ba\u00f1o de mujeres? Estoy seguro que el esc\u00e1ndalo ser\u00eda mayor por cualquier \u00e1ngulo que se le quiera ver\u2026 desde la invasi\u00f3n a la privacidad, desde el sentirse acosada, hasta por una mera cuesti\u00f3n de seguridad.<\/p>\n\n\n\n<p>Lo seguro es que en ambos casos, habr\u00e1 un alto porcentaje que no est\u00e9 de acuerdo con esta intromisi\u00f3n de espacios y m\u00e1s cuando se trata de \u201chacer del cuerpo\u201d&#8230; \u00bfPor qu\u00e9? Ha de ser por una mera cuesti\u00f3n cultural que hasta el mismo sabio Chico Ch\u00e9 alguna vez defini\u00f3 como \u201cLos nenes con los nenes \/ las nenas con las nenas\u201d&#8230;, lo que en buen cristiano implicaba separar las actividades de unos de las actividades de otras\u2026 aunque recientemente esta sabia expresi\u00f3n quiz\u00e1s haya sido mal entendida o simplemente nunca nos dimos cuenta de su verdadero significado y tom\u00f3 otra connotaci\u00f3n el \u201clos Nenes con los Nenes y las Nenas, con las Nenas\u201d y as\u00ed, empezamos a ver \u201cel chico-chico\u201d y las jovencitas de novias con jovencitas.<\/p>\n\n\n\n<p>Por supuesto, soy de la idea de que cada quien puede hacer de su rabo un papalote y empinarlo como mejor le plazca\u2026<\/p>\n\n\n\n<p><strong>III<\/strong><\/p>\n\n\n\n<p>El asunto del \u201cWatergate Closet\u201d (WC) viene a colaci\u00f3n por la nota que circul\u00f3 sobre la Cineteca Nacional donde una persona trans fue sacada del ba\u00f1o para damas.<\/p>\n\n\n\n<p>He buscado notas para entender los motivos que obligaron a elementos de Seguridad de dicho lugar, desalojar a Laura Glover pero s\u00f3lo recog\u00ed lo que sale en medios: una mujer de vigilancia la sac\u00f3 con lujo de fuerza del ba\u00f1o de mujeres y se dirigi\u00f3 a Laura como \u201cSe\u00f1or\u201d.<\/p>\n\n\n\n<p>Aqu\u00ed tenemos de dos sopas:<\/p>\n\n\n\n<p>Para un alto n\u00famero de personas que vieron a Laura Glover, les queda claro que es un hombre vestido de mujer, hablando pues de una mera cuesti\u00f3n de g\u00e9nero. Luego entonces, estamos ante una persona que por sus caracter\u00edsticas biol\u00f3gicas y fisiol\u00f3gicas, es un var\u00f3n.<\/p>\n\n\n\n<p>Ahora, si asumimos que Laura Glover es el nombre que jur\u00eddicamente la asienta como trans, quiz\u00e1s por una mera cuesti\u00f3n legal, asumir\u00edamos que cambi\u00f3 de g\u00e9nero\u2026<\/p>\n\n\n\n<p>S\u00ed, de g\u00e9nero, no de sexo.<\/p>\n\n\n\n<p>Pero esto no se trata de ver si la mujer de vigilancia tuvo a bien sacar a Laura del ba\u00f1o o fue un acto de \u201cdiscriminaci\u00f3n\u201d o \u201ctransfobia\u201d&#8230; Aqu\u00ed se pretende buscar una soluci\u00f3n.<\/p>\n\n\n\n<p>Primero, habr\u00eda que dejar en claro que es confuso el t\u00e9rmino \u201cMujer Trans\u201d&#8230; seamos m\u00e1s abiertos y por qu\u00e9 no pensar en \u201cPersona Trans\u201d.<\/p>\n\n\n\n<p>Ahora, ya que nuestras autoridades judiciales son \u201cOpen Mind\u201d para permitir el cambio de g\u00e9nero y nombre en un acta de nacimiento, entonces igual se deber\u00eda de plantear espacios como los ba\u00f1os, para personas que se autoperciben como mujer o que se autoperciben como hombre porque as\u00ed como se les concede derechos, justo ser\u00eda tambi\u00e9n que se les concediera lugares propios como se nos asignan a todos\u2026<\/p>\n\n\n\n<p>Volvamos al inicio de esto: si Laura hubiera entrado al ba\u00f1o de hombres \u00bfcreen que los usuarios la habr\u00edan tomado en cuenta? \u00a1No lo s\u00e9! En lo particular, a m\u00ed me hubiera sido indiferente si es Laura o Lauro\u2026 Asumo que la Necesidad es m\u00e1s apremiante que el sexo o el g\u00e9nero y a veces los esf\u00ednteres no perdonan\u2026<\/p>\n","protected":false},"excerpt":{"rendered":"<p>Los Pol\u00edticos Salvador Mu\u00f1oz \u00bfEscuch\u00f3 el caso de la persona Trans que fue sacada del ba\u00f1o de mujeres en la Cineteca Nacional? Perm\u00edtanme dar mi opini\u00f3n desde mi lado intolerante\u2026 S\u00ed, lo confieso, soy un intolerante a la lactosa y estando en la Ciudad de M\u00e9xico, alg\u00fan helado, crema o sepa Dios! Hizo su efecto [&hellip;]<\/p>\n","protected":false},"author":2476,"featured_media":387,"comment_status":"open","ping_status":"open","sticky":false,"template":"","format":"standard","meta":{"_jetpack_memberships_contains_paid_content":false,"footnotes":""},"categories":[11],"tags":[],"class_list":["post-45244","post","type-post","status-publish","format-standard","has-post-thumbnail","hentry","category-opinion"],"jetpack_featured_media_url":"https:\/\/encuentroinformativo.com.mx\/wp-content\/uploads\/2020\/03\/7CF8A22B-2764-47BE-8F7F-38FE9E5D6A2F.jpeg","jetpack_sharing_enabled":true,"jetpack_likes_enabled":true,"amp_enabled":true,"_links":{"self":[{"href":"https:\/\/encuentroinformativo.com.mx\/index.php?rest_route=\/wp\/v2\/posts\/45244","targetHints":{"allow":["GET"]}}],"collection":[{"href":"https:\/\/encuentroinformativo.com.mx\/index.php?rest_route=\/wp\/v2\/posts"}],"about":[{"href":"https:\/\/encuentroinformativo.com.mx\/index.php?rest_route=\/wp\/v2\/types\/post"}],"author":[{"embeddable":true,"href":"https:\/\/encuentroinformativo.com.mx\/index.php?rest_route=\/wp\/v2\/users\/2476"}],"replies":[{"embeddable":true,"href":"https:\/\/encuentroinformativo.com.mx\/index.php?rest_route=%2Fwp%2Fv2%2Fcomments&post=45244"}],"version-history":[{"count":1,"href":"https:\/\/encuentroinformativo.com.mx\/index.php?rest_route=\/wp\/v2\/posts\/45244\/revisions"}],"predecessor-version":[{"id":45245,"href":"https:\/\/encuentroinformativo.com.mx\/index.php?rest_route=\/wp\/v2\/posts\/45244\/revisions\/45245"}],"wp:featuredmedia":[{"embeddable":true,"href":"https:\/\/encuentroinformativo.com.mx\/index.php?rest_route=\/wp\/v2\/media\/387"}],"wp:attachment":[{"href":"https:\/\/encuentroinformativo.com.mx\/index.php?rest_route=%2Fwp%2Fv2%2Fmedia&parent=45244"}],"wp:term":[{"taxonomy":"category","embeddable":true,"href":"https:\/\/encuentroinformativo.com.mx\/index.php?rest_route=%2Fwp%2Fv2%2Fcategories&post=45244"},{"taxonomy":"post_tag","embeddable":true,"href":"https:\/\/encuentroinformativo.com.mx\/index.php?rest_route=%2Fwp%2Fv2%2Ftags&post=45244"}],"curies":[{"name":"wp","href":"https:\/\/api.w.org\/{rel}","templated":true}]}}