{"id":45246,"date":"2023-09-15T13:11:29","date_gmt":"2023-09-15T19:11:29","guid":{"rendered":"https:\/\/encuentroinformativo.com.mx\/?p=45246"},"modified":"2023-09-15T13:11:32","modified_gmt":"2023-09-15T19:11:32","slug":"prevalece-desinformacion-sobre-comunidad-lgbtttiq-reconoce-asociacion","status":"publish","type":"post","link":"https:\/\/encuentroinformativo.com.mx\/?p=45246","title":{"rendered":"Prevalece desinformaci\u00f3n sobre comunidad LGBTTTIQ, reconoce asociaci\u00f3n"},"content":{"rendered":"\n<p><strong>Dar\u00edo Pale <\/strong><\/p>\n\n\n\n<p>Xalapa, Ver.- Mois\u00e9s de Jes\u00fas Canela Mart\u00ednez presidente de la Asociaci\u00f3n Pol\u00edtica \u201cVeracruz\u201d dio a conocer que lamentablemente hay mucha desinformaci\u00f3n en cuanto a la comunidad LGBTTTTIQ+ por parte de los padres de familia.<\/p>\n\n\n\n<p>En conferencia de prensa dio a conocer que junto con \u201cMujeres Sembrando Esperanza\u201d invitaron a la ciudadan\u00eda a la presentaci\u00f3n del libro de tem\u00e1tica queer en el auditorio del IMAC el d\u00eda 25 de septiembre a las 17:00 horas.<\/p>\n\n\n\n<p>Ser\u00e1 el autor del libro Yurgen HD qui\u00e9n hable de sus diferentes libros que hablan sobre el tela l\u00e9sbico gay, que es dentro de la comunidad LGBTTTTIQ, donde da a conocer como trabajo con su familia y como fue estructurando el pensamiento que ten\u00edan sus familiares sobre su orientaci\u00f3n sexual.<\/p>\n\n\n\n<p>Esta charla le puse servir a las familias para que los padres de familia puedan comprender est\u00e1 situaci\u00f3n y comprendan a sus hijos en esta situaci\u00f3n y la entrada al evento es totalmente gratuito.<\/p>\n\n\n\n<p>Dio a conocer que actualmente se han dado muchos casos de discriminaci\u00f3n, acoso y dem\u00e1s ya que las personas se encuentran desinformadas en estos temas.<\/p>\n\n\n\n<p>\u201cDesafortunadamente la gente se encuentra con un alto nivel de desinformaci\u00f3n acerca de lo que es la comunidad LGBTTTTIQ+ y sobre todo los padres se encuentran en una desinformaci\u00f3n a\u00fan m\u00e1s grande en el aspecto de como se puede llegar a sentir su hijo, su hija o su familiar\u201d, se\u00f1al\u00f3.<\/p>\n\n\n\n<p>Finalmente se\u00f1al\u00f3 que quieren sensibilizar a la ciudadan\u00eda xalape\u00f1a sobre estos temas ya que es de vital importancia y poder evitar muchas acciones desagradables como son un intento de suicidio o alg\u00fan otra acci\u00f3n ya que no se sienten comprendidos o entendidos incluso en su casa.<\/p>\n","protected":false},"excerpt":{"rendered":"<p>Dar\u00edo Pale Xalapa, Ver.- Mois\u00e9s de Jes\u00fas Canela Mart\u00ednez presidente de la Asociaci\u00f3n Pol\u00edtica \u201cVeracruz\u201d dio a conocer que lamentablemente hay mucha desinformaci\u00f3n en cuanto a la comunidad LGBTTTTIQ+ por parte de los padres de familia. En conferencia de prensa dio a conocer que junto con \u201cMujeres Sembrando Esperanza\u201d invitaron a la ciudadan\u00eda a la [&hellip;]<\/p>\n","protected":false},"author":2476,"featured_media":45247,"comment_status":"open","ping_status":"open","sticky":false,"template":"","format":"standard","meta":{"_jetpack_memberships_contains_paid_content":false,"footnotes":""},"categories":[3],"tags":[],"class_list":["post-45246","post","type-post","status-publish","format-standard","has-post-thumbnail","hentry","category-xalapa"],"jetpack_featured_media_url":"https:\/\/encuentroinformativo.com.mx\/wp-content\/uploads\/2023\/09\/IMG-20230915-WA0014.jpg","jetpack_sharing_enabled":true,"jetpack_likes_enabled":true,"amp_enabled":true,"_links":{"self":[{"href":"https:\/\/encuentroinformativo.com.mx\/index.php?rest_route=\/wp\/v2\/posts\/45246","targetHints":{"allow":["GET"]}}],"collection":[{"href":"https:\/\/encuentroinformativo.com.mx\/index.php?rest_route=\/wp\/v2\/posts"}],"about":[{"href":"https:\/\/encuentroinformativo.com.mx\/index.php?rest_route=\/wp\/v2\/types\/post"}],"author":[{"embeddable":true,"href":"https:\/\/encuentroinformativo.com.mx\/index.php?rest_route=\/wp\/v2\/users\/2476"}],"replies":[{"embeddable":true,"href":"https:\/\/encuentroinformativo.com.mx\/index.php?rest_route=%2Fwp%2Fv2%2Fcomments&post=45246"}],"version-history":[{"count":1,"href":"https:\/\/encuentroinformativo.com.mx\/index.php?rest_route=\/wp\/v2\/posts\/45246\/revisions"}],"predecessor-version":[{"id":45248,"href":"https:\/\/encuentroinformativo.com.mx\/index.php?rest_route=\/wp\/v2\/posts\/45246\/revisions\/45248"}],"wp:featuredmedia":[{"embeddable":true,"href":"https:\/\/encuentroinformativo.com.mx\/index.php?rest_route=\/wp\/v2\/media\/45247"}],"wp:attachment":[{"href":"https:\/\/encuentroinformativo.com.mx\/index.php?rest_route=%2Fwp%2Fv2%2Fmedia&parent=45246"}],"wp:term":[{"taxonomy":"category","embeddable":true,"href":"https:\/\/encuentroinformativo.com.mx\/index.php?rest_route=%2Fwp%2Fv2%2Fcategories&post=45246"},{"taxonomy":"post_tag","embeddable":true,"href":"https:\/\/encuentroinformativo.com.mx\/index.php?rest_route=%2Fwp%2Fv2%2Ftags&post=45246"}],"curies":[{"name":"wp","href":"https:\/\/api.w.org\/{rel}","templated":true}]}}