{"id":45256,"date":"2023-09-15T16:56:26","date_gmt":"2023-09-15T22:56:26","guid":{"rendered":"https:\/\/encuentroinformativo.com.mx\/?p=45256"},"modified":"2023-09-15T16:56:30","modified_gmt":"2023-09-15T22:56:30","slug":"reconoce-zenyazen-que-buscara-candidatura-al-senado","status":"publish","type":"post","link":"https:\/\/encuentroinformativo.com.mx\/?p=45256","title":{"rendered":"Reconoce Zenyazen que buscar\u00e1 candidatura al Senado"},"content":{"rendered":"\n<p><strong>Alejandro \u00c1vila<\/strong><\/p>\n\n\n\n<p>Boca del R\u00edo, Ver.- Tras el destape a nivel nacional de la secretaria de Energ\u00eda, Roc\u00edo Nahle Garc\u00eda, para contender por la gubernatura de Veracruz, el secretario de Educaci\u00f3n, Zenyazen Escobar Garc\u00eda, baj\u00f3 sus aspiraciones y, asegur\u00f3 que ahora buscar\u00e1 la candidatura a la Senadur\u00eda por Veracruz en Morena.<\/p>\n\n\n\n<p>Cabe mencionarse que, Zenyazen Escobar hab\u00eda anunciado hace unos d\u00edas, su inter\u00e9s por participar en la encuesta de Morena para encabezar la candidatura por la gubernatura de Veracruz; sin embargo, tras el destape de Roc\u00edo Nahle el pasado mi\u00e9rcoles en la entrevista con Joaqu\u00edn L\u00f3pez Doriga, el funcionario estatal baj\u00f3 sus pretensiones pol\u00edticas.<\/p>\n\n\n\n<p>&#8220;Comentarles que un servidor est\u00e1 apoyando ah\u00ed a Roc\u00edo Nahle, y que en su momento ir\u00e1 a la contienda por el Senado en el estado de Veracruz (\u2026) todav\u00eda no hay una claridad, no hay una claridad en la convocatoria, \u00fanicamente se dijo que va a la gubernatura, no hab\u00eda fecha para la Senadur\u00eda, y en este propio sentido, un servidor estar\u00e1 aspirando a ir como Senador por el estado de Veracruz, y apoyando a la ingeniero, Roc\u00edo Nahle, por la gubernatura de nuestro estado&#8221;, expres\u00f3.<\/p>\n\n\n\n<p>En otro tema, el a\u00fan secretario de Educaci\u00f3n de Veracruz, asegur\u00f3 que el pr\u00f3ximo lunes 18 de septiembre no habr\u00e1 suspensi\u00f3n de clases, y todos los docentes y alumnos deber\u00e1n estar los planteles educativos.<\/p>\n\n\n\n<p>&#8220;Estamos hablando de 48 sindicatos en el nivel b\u00e1sico y medio superior, tendr\u00e1n asambleas delegacionales sindicales y bueno, el lunes tenemos clases, no habr\u00e1 puente, el lunes todos a las instituciones para que quede muy claro, y que no se caiga en un tema de varios d\u00edas sin asistir&#8221;, remat\u00f3.<\/p>\n","protected":false},"excerpt":{"rendered":"<p>Alejandro \u00c1vila Boca del R\u00edo, Ver.- Tras el destape a nivel nacional de la secretaria de Energ\u00eda, Roc\u00edo Nahle Garc\u00eda, para contender por la gubernatura de Veracruz, el secretario de Educaci\u00f3n, Zenyazen Escobar Garc\u00eda, baj\u00f3 sus aspiraciones y, asegur\u00f3 que ahora buscar\u00e1 la candidatura a la Senadur\u00eda por Veracruz en Morena. Cabe mencionarse que, Zenyazen [&hellip;]<\/p>\n","protected":false},"author":2476,"featured_media":45257,"comment_status":"open","ping_status":"open","sticky":false,"template":"","format":"standard","meta":{"_jetpack_memberships_contains_paid_content":false,"footnotes":""},"categories":[2],"tags":[],"class_list":["post-45256","post","type-post","status-publish","format-standard","has-post-thumbnail","hentry","category-estado"],"jetpack_featured_media_url":"https:\/\/encuentroinformativo.com.mx\/wp-content\/uploads\/2023\/09\/IMG-20230915-WA0047.jpg","jetpack_sharing_enabled":true,"jetpack_likes_enabled":true,"amp_enabled":true,"_links":{"self":[{"href":"https:\/\/encuentroinformativo.com.mx\/index.php?rest_route=\/wp\/v2\/posts\/45256","targetHints":{"allow":["GET"]}}],"collection":[{"href":"https:\/\/encuentroinformativo.com.mx\/index.php?rest_route=\/wp\/v2\/posts"}],"about":[{"href":"https:\/\/encuentroinformativo.com.mx\/index.php?rest_route=\/wp\/v2\/types\/post"}],"author":[{"embeddable":true,"href":"https:\/\/encuentroinformativo.com.mx\/index.php?rest_route=\/wp\/v2\/users\/2476"}],"replies":[{"embeddable":true,"href":"https:\/\/encuentroinformativo.com.mx\/index.php?rest_route=%2Fwp%2Fv2%2Fcomments&post=45256"}],"version-history":[{"count":1,"href":"https:\/\/encuentroinformativo.com.mx\/index.php?rest_route=\/wp\/v2\/posts\/45256\/revisions"}],"predecessor-version":[{"id":45258,"href":"https:\/\/encuentroinformativo.com.mx\/index.php?rest_route=\/wp\/v2\/posts\/45256\/revisions\/45258"}],"wp:featuredmedia":[{"embeddable":true,"href":"https:\/\/encuentroinformativo.com.mx\/index.php?rest_route=\/wp\/v2\/media\/45257"}],"wp:attachment":[{"href":"https:\/\/encuentroinformativo.com.mx\/index.php?rest_route=%2Fwp%2Fv2%2Fmedia&parent=45256"}],"wp:term":[{"taxonomy":"category","embeddable":true,"href":"https:\/\/encuentroinformativo.com.mx\/index.php?rest_route=%2Fwp%2Fv2%2Fcategories&post=45256"},{"taxonomy":"post_tag","embeddable":true,"href":"https:\/\/encuentroinformativo.com.mx\/index.php?rest_route=%2Fwp%2Fv2%2Ftags&post=45256"}],"curies":[{"name":"wp","href":"https:\/\/api.w.org\/{rel}","templated":true}]}}