{"id":45275,"date":"2023-09-15T17:29:32","date_gmt":"2023-09-15T23:29:32","guid":{"rendered":"https:\/\/encuentroinformativo.com.mx\/?p=45275"},"modified":"2023-09-15T17:29:36","modified_gmt":"2023-09-15T23:29:36","slug":"exhortan-pobladores-para-no-acudir-a-fiesta-de-grito-en-banderilla","status":"publish","type":"post","link":"https:\/\/encuentroinformativo.com.mx\/?p=45275","title":{"rendered":"Exhortan pobladores para no acudir a fiesta de grito en Banderilla"},"content":{"rendered":"\n<p><strong>Juan Arcos <\/strong><\/p>\n\n\n\n<p>Xalapa, Ver.- Pobladores de Banderilla se organizaron para no acudir a la ceremonia del Grito de Independencia, durante la noche del viernes 15 de septiembre.<\/p>\n\n\n\n<p>Lo anterior, como parte de una protesta debido a la crisis por la falta de agua que se ha presentado en el lugar durante este a\u00f1o.<\/p>\n\n\n\n<p>Algunos habitantes comentaron que las quejas durante la temporada de estiaje fueron notorias en esta localidad conurbada con la ciudad de Xalapa, la capital de Veracruz.<\/p>\n\n\n\n<p>Varias colonias pasaron meses sin este servicio b\u00e1sico, situaci\u00f3n que provoc\u00f3 una serie de protestas por parte de los habitantes.<\/p>\n\n\n\n<p>&#8220;No asistas al grito en Banderilla como protesta por el p\u00e9simo servicio de agua\u201d, es el mensaje que difunden en redes sociales y en chats de WhatsApp.<\/p>\n\n\n\n<p>El pasado 19 de junio, decenas de pobladores de Banderilla bloquearon la zona centro de este municipio y el bulevar hacia Xalapa, debido a que llevaban m\u00e1s de dos meses sin agua.<\/p>\n\n\n\n<p>En esa ocasi\u00f3n, generaron un gran caos vial por el cierre de la carretera, a la altura del Centro de Estudios Tecnol\u00f3gicos, Industriales y de Servicios (CETIS) n\u00famero 134.<\/p>\n\n\n\n<p>La gente contin\u00faa exigiendo una soluci\u00f3n al alcalde de Banderilla, David Sangabriel Bonilla, pues el problema persiste desde pasadas administraciones municipales.<\/p>\n\n\n\n<p>\u201cEst\u00e1 saliendo puro lodo. Estas personas no son dignas de dar el grito. Traicionan a su pueblo. No hay nada qu\u00e9 festejar con el inquilino del palacio, una lecci\u00f3n para los que quieran la presidencia\u201d, indicaron los pobladores.<\/p>\n","protected":false},"excerpt":{"rendered":"<p>Juan Arcos Xalapa, Ver.- Pobladores de Banderilla se organizaron para no acudir a la ceremonia del Grito de Independencia, durante la noche del viernes 15 de septiembre. Lo anterior, como parte de una protesta debido a la crisis por la falta de agua que se ha presentado en el lugar durante este a\u00f1o. Algunos habitantes [&hellip;]<\/p>\n","protected":false},"author":2476,"featured_media":45276,"comment_status":"open","ping_status":"open","sticky":false,"template":"","format":"standard","meta":{"_jetpack_memberships_contains_paid_content":false,"footnotes":""},"categories":[8],"tags":[],"class_list":["post-45275","post","type-post","status-publish","format-standard","has-post-thumbnail","hentry","category-region"],"jetpack_featured_media_url":"https:\/\/encuentroinformativo.com.mx\/wp-content\/uploads\/2023\/09\/IMG_5361.jpg","jetpack_sharing_enabled":true,"jetpack_likes_enabled":true,"amp_enabled":true,"_links":{"self":[{"href":"https:\/\/encuentroinformativo.com.mx\/index.php?rest_route=\/wp\/v2\/posts\/45275","targetHints":{"allow":["GET"]}}],"collection":[{"href":"https:\/\/encuentroinformativo.com.mx\/index.php?rest_route=\/wp\/v2\/posts"}],"about":[{"href":"https:\/\/encuentroinformativo.com.mx\/index.php?rest_route=\/wp\/v2\/types\/post"}],"author":[{"embeddable":true,"href":"https:\/\/encuentroinformativo.com.mx\/index.php?rest_route=\/wp\/v2\/users\/2476"}],"replies":[{"embeddable":true,"href":"https:\/\/encuentroinformativo.com.mx\/index.php?rest_route=%2Fwp%2Fv2%2Fcomments&post=45275"}],"version-history":[{"count":1,"href":"https:\/\/encuentroinformativo.com.mx\/index.php?rest_route=\/wp\/v2\/posts\/45275\/revisions"}],"predecessor-version":[{"id":45277,"href":"https:\/\/encuentroinformativo.com.mx\/index.php?rest_route=\/wp\/v2\/posts\/45275\/revisions\/45277"}],"wp:featuredmedia":[{"embeddable":true,"href":"https:\/\/encuentroinformativo.com.mx\/index.php?rest_route=\/wp\/v2\/media\/45276"}],"wp:attachment":[{"href":"https:\/\/encuentroinformativo.com.mx\/index.php?rest_route=%2Fwp%2Fv2%2Fmedia&parent=45275"}],"wp:term":[{"taxonomy":"category","embeddable":true,"href":"https:\/\/encuentroinformativo.com.mx\/index.php?rest_route=%2Fwp%2Fv2%2Fcategories&post=45275"},{"taxonomy":"post_tag","embeddable":true,"href":"https:\/\/encuentroinformativo.com.mx\/index.php?rest_route=%2Fwp%2Fv2%2Ftags&post=45275"}],"curies":[{"name":"wp","href":"https:\/\/api.w.org\/{rel}","templated":true}]}}