{"id":45278,"date":"2023-09-15T19:34:37","date_gmt":"2023-09-16T01:34:37","guid":{"rendered":"https:\/\/encuentroinformativo.com.mx\/?p=45278"},"modified":"2023-09-15T19:34:40","modified_gmt":"2023-09-16T01:34:40","slug":"tlalixcoyan-tendra-pirotecnia-en-frio-en-grito-de-independencia","status":"publish","type":"post","link":"https:\/\/encuentroinformativo.com.mx\/?p=45278","title":{"rendered":"Tlalixcoyan tendr\u00e1 &#8220;pirotecnia en fr\u00edo&#8221; en Grito de Independencia"},"content":{"rendered":"\n<p><strong>Alejandro \u00c1vila<\/strong><\/p>\n\n\n\n<p>Tlalixcoyan, Ver.- Para evitar sanciones y acatando las recomendaciones de la Secretar\u00eda de Medio Ambiente (SEDEMA) y Protecci\u00f3n Civil del Estado, el Ayuntamiento de Tlalixcoyan anunci\u00f3 que solo colocar\u00e1 &#8220;pirotecnia en fr\u00edo&#8221; durante el evento del Grito de Independencia.<\/p>\n\n\n\n<p>La alcaldesa, Elvia Illescas Loyo, anunci\u00f3 que los eventos culturales y recreativos iniciar\u00e1n desde las 20 horas.<\/p>\n\n\n\n<p>A\u00f1adi\u00f3 que se trata de un magno evento, que comenzar\u00e1 con un evento art\u00edstico \u2013 cultural, en donde se contar\u00e1 con la participaci\u00f3n del Mariachi \u201cLos Caporales de Luna Hern\u00e1ndez\u201d; la presentaci\u00f3n de las se\u00f1oritas: Soberan\u00eda, Independencia y Libertad; el Ballet de la Casa de Cultura de Tlalixcoyan \u201cRa\u00edces de mi Pueblo\u201d Estampa de Veracruz; el Dueto JR; el Ballet de la Casa de Cultura de Tlalixcoyan \u201cRa\u00edces de mi Pueblo\u201d Estampa de Jalisco; as\u00ed como la interpretaci\u00f3n de Canci\u00f3n de Tlalixcoyan.<\/p>\n\n\n\n<p>Ya a partir de las 10:30 pm se llevar\u00e1 a cabo la Ceremonia del Grito de Independencia, en donde se dar\u00e1 lectura del Acta de Chilpancingo, se har\u00e1 la entrega de Bandera; se dar\u00e1 el tradicional Grito de Independencia; m\u00e1s tarde, el toque de Campana, el Himno Nacional y el retiro de Bandera.<\/p>\n\n\n\n<p>Para que las familias se pongan en ambiente, se contar\u00e1 con la presentaci\u00f3n del Grupo Norte\u00f1o \u201cIMPLAK-BLE DEL GOLFO\u201d y para cerrar con broche de oro, tendremos el baile con \u201cTony Vergara\u201d.<\/p>\n\n\n\n<p>Asimismo, inform\u00f3 que se ofrecer\u00e1n antojitos, el tradicional torito de jobo, bebidas refrescantes y un ambiente muy familiar para disfrutar de este magno festejo.<\/p>\n","protected":false},"excerpt":{"rendered":"<p>Alejandro \u00c1vila Tlalixcoyan, Ver.- Para evitar sanciones y acatando las recomendaciones de la Secretar\u00eda de Medio Ambiente (SEDEMA) y Protecci\u00f3n Civil del Estado, el Ayuntamiento de Tlalixcoyan anunci\u00f3 que solo colocar\u00e1 &#8220;pirotecnia en fr\u00edo&#8221; durante el evento del Grito de Independencia. La alcaldesa, Elvia Illescas Loyo, anunci\u00f3 que los eventos culturales y recreativos iniciar\u00e1n desde [&hellip;]<\/p>\n","protected":false},"author":2476,"featured_media":45279,"comment_status":"open","ping_status":"open","sticky":false,"template":"","format":"standard","meta":{"_jetpack_memberships_contains_paid_content":false,"footnotes":""},"categories":[2],"tags":[],"class_list":["post-45278","post","type-post","status-publish","format-standard","has-post-thumbnail","hentry","category-estado"],"jetpack_featured_media_url":"https:\/\/encuentroinformativo.com.mx\/wp-content\/uploads\/2023\/09\/IMG-20230915-WA0079.jpg","jetpack_sharing_enabled":true,"jetpack_likes_enabled":true,"amp_enabled":true,"_links":{"self":[{"href":"https:\/\/encuentroinformativo.com.mx\/index.php?rest_route=\/wp\/v2\/posts\/45278","targetHints":{"allow":["GET"]}}],"collection":[{"href":"https:\/\/encuentroinformativo.com.mx\/index.php?rest_route=\/wp\/v2\/posts"}],"about":[{"href":"https:\/\/encuentroinformativo.com.mx\/index.php?rest_route=\/wp\/v2\/types\/post"}],"author":[{"embeddable":true,"href":"https:\/\/encuentroinformativo.com.mx\/index.php?rest_route=\/wp\/v2\/users\/2476"}],"replies":[{"embeddable":true,"href":"https:\/\/encuentroinformativo.com.mx\/index.php?rest_route=%2Fwp%2Fv2%2Fcomments&post=45278"}],"version-history":[{"count":1,"href":"https:\/\/encuentroinformativo.com.mx\/index.php?rest_route=\/wp\/v2\/posts\/45278\/revisions"}],"predecessor-version":[{"id":45280,"href":"https:\/\/encuentroinformativo.com.mx\/index.php?rest_route=\/wp\/v2\/posts\/45278\/revisions\/45280"}],"wp:featuredmedia":[{"embeddable":true,"href":"https:\/\/encuentroinformativo.com.mx\/index.php?rest_route=\/wp\/v2\/media\/45279"}],"wp:attachment":[{"href":"https:\/\/encuentroinformativo.com.mx\/index.php?rest_route=%2Fwp%2Fv2%2Fmedia&parent=45278"}],"wp:term":[{"taxonomy":"category","embeddable":true,"href":"https:\/\/encuentroinformativo.com.mx\/index.php?rest_route=%2Fwp%2Fv2%2Fcategories&post=45278"},{"taxonomy":"post_tag","embeddable":true,"href":"https:\/\/encuentroinformativo.com.mx\/index.php?rest_route=%2Fwp%2Fv2%2Ftags&post=45278"}],"curies":[{"name":"wp","href":"https:\/\/api.w.org\/{rel}","templated":true}]}}