{"id":45282,"date":"2023-09-16T03:53:30","date_gmt":"2023-09-16T09:53:30","guid":{"rendered":"https:\/\/encuentroinformativo.com.mx\/?p=45282"},"modified":"2023-09-16T03:53:33","modified_gmt":"2023-09-16T09:53:33","slug":"conmemora-alcalde-jm-unanue-los-213-anos-del-grito-de-la-independencia-de-mexico","status":"publish","type":"post","link":"https:\/\/encuentroinformativo.com.mx\/?p=45282","title":{"rendered":"Conmemora Alcalde JM Un\u00e1nue los 213 a\u00f1os del Grito de la Independencia de M\u00e9xico"},"content":{"rendered":"\n<p><strong>*<em>Es as\u00ed como Boca del R\u00edo irradi\u00f3 su amor por M\u00e9xico y su respeto por nuestros h\u00e9roes que dieron su vida y pensamiento para que nuestra naci\u00f3n fuera libre e independiente<\/em>.<\/strong><\/p>\n\n\n\n<p>Boca del R\u00edo, Ver.- La noche de este viernes los boque\u00f1os recordaron y celebraron a los h\u00e9roes que nos dieron patria y libertad como parte de la ceremonia de los 213 a\u00f1os del Grito de la Independencia de M\u00e9xico que encabez\u00f3 el Alcalde de Boca del R\u00edo, Juan Manuel Un\u00e1nue Abascal.<\/p>\n\n\n\n<p>Diez minutos antes de las 11 de la noche, el Presidente Municipal, la Presidenta del DIF local, Melina Rivera de Un\u00e1nue y su hija Aitana Un\u00e1nue Rivera, se trasladaron por los pasillos del palacio para dirigirse al balc\u00f3n principal y dar inicio con el acto conmemorativo.<\/p>\n\n\n\n<p>Con el Toque de Corneta, la escolta integrada por elementos de la Escuela N\u00e1utica Mercante Cap. Alt. Fernando Siliceo y Torres, entregaron el L\u00e1baro Patrio a la primera autoridad municipal para que este a su vez representara lo sucedido la noche del 15 de septiembre de 1810 con el Grito de Independencia.<\/p>\n\n\n\n<p>Emulando al Padre de la Patria, Don Miguel Hidalgo y Costilla en la poblaci\u00f3n de Dolores, el Alcalde hizo sonar la campana para hacer el llamado a los boque\u00f1os presentes y los que lo sintonizaron en vivo por los diferentes medios de comunicaci\u00f3n.<\/p>\n\n\n\n<p>\u201cVivan los h\u00e9roes que nos dieron patria y libertad, viva Hidalgo, viva Morelos, viva Josefa Ortiz de Dom\u00ednguez, viva Allende, viva Aldama, viva Galeana, viva Nicol\u00e1s Bravo; viva la Independencia Nacional, viva Boca del R\u00edo, viva Veracruz, viva M\u00e9xico\u201d, respondiendo al un\u00edsono los miles de asistentes en la Plaza C\u00edvica Benito Ju\u00e1rez de la cabecera municipal.<\/p>\n\n\n\n<p>Es as\u00ed como Un\u00e1nue Abascal con fuerza y temple, hizo replicar la campana para despu\u00e9s ondear la bandera de M\u00e9xico en todo lo alto, mientras que los boque\u00f1os exclamaban su amor por nuestra naci\u00f3n independiente.<\/p>\n\n\n\n<p>Finalizando el acto protocolario, el edil realiz\u00f3 la entrega de la bandera a la escolta militar para su resguardo y dar comienzo al espect\u00e1culo de pirotecnia en el cielo boque\u00f1o, reflejando figuras y colores vibrantes.<\/p>\n\n\n\n<p>Una vez m\u00e1s Boca del R\u00edo irradi\u00f3 su amor por M\u00e9xico y su respeto por todos nuestros h\u00e9roes quienes dieron su vida y pensamiento para que nuestra naci\u00f3n fuera libre e independiente.<\/p>\n\n\n\n<p><em>PROGRAMA GENERAL<\/em><\/p>\n\n\n\n<p>En punto de las 8:30 de la noche dio inicio la verbena popular en la Plaza C\u00edvica, dando paso a las actividades culturales y folcl\u00f3ricas.<\/p>\n\n\n\n<p>Se presentaron estampas representativas a los estados de Veracruz, Oaxaca, Guerrero, Durango, Jalisco, Sinaloa y Nuevo Le\u00f3n.<\/p>\n\n\n\n<p>Los presentes adem\u00e1s degustaron de pozole, tamales y aguas frescas tradicionales, resultando un deleite para el paladar.<\/p>\n\n\n\n<p>Tambi\u00e9n se cont\u00f3 con el talento del Mariachi y la musica vern\u00e1cula, quienes ambientaron la noche mexicana.<\/p>\n\n\n\n<p>El acto c\u00edvico cont\u00f3 con la presencia del Contralmirante Ram\u00f3n Antonio M\u00e1rquez Rivera; representante de la Tercera Regi\u00f3n Naval, Coronel de Infanter\u00eda Manuel Suastegui Dur\u00e1n; representante del 83 Batall\u00f3n de Infanter\u00eda y de Luis Alberto L\u00f3pez Casas; representante de Gobierno del Estado de Veracruz.<\/p>\n\n\n\n<p>De igual forma estuvieron presentes, Susana Tiburcio Galicia; S\u00edndica \u00danica, Judith Pineda Andrade; Secretaria del Ayuntamiento y los legisladores como la Senadora Indira Rosales San Rom\u00e1n, la Diputada Federal, Maryjose Gamboa Torales y la legisladora local, Anil\u00fa Ingram Vallines, adem\u00e1s del cuerpo edilicio y directores de \u00e1rea.<\/p>\n","protected":false},"excerpt":{"rendered":"<p>*Es as\u00ed como Boca del R\u00edo irradi\u00f3 su amor por M\u00e9xico y su respeto por nuestros h\u00e9roes que dieron su vida y pensamiento para que nuestra naci\u00f3n fuera libre e independiente. Boca del R\u00edo, Ver.- La noche de este viernes los boque\u00f1os recordaron y celebraron a los h\u00e9roes que nos dieron patria y libertad como [&hellip;]<\/p>\n","protected":false},"author":2476,"featured_media":45283,"comment_status":"open","ping_status":"open","sticky":false,"template":"","format":"standard","meta":{"_jetpack_memberships_contains_paid_content":false,"footnotes":""},"categories":[2],"tags":[],"class_list":["post-45282","post","type-post","status-publish","format-standard","has-post-thumbnail","hentry","category-estado"],"jetpack_featured_media_url":"https:\/\/encuentroinformativo.com.mx\/wp-content\/uploads\/2023\/09\/IMG-20230916-WA0002.jpg","jetpack_sharing_enabled":true,"jetpack_likes_enabled":true,"amp_enabled":true,"_links":{"self":[{"href":"https:\/\/encuentroinformativo.com.mx\/index.php?rest_route=\/wp\/v2\/posts\/45282","targetHints":{"allow":["GET"]}}],"collection":[{"href":"https:\/\/encuentroinformativo.com.mx\/index.php?rest_route=\/wp\/v2\/posts"}],"about":[{"href":"https:\/\/encuentroinformativo.com.mx\/index.php?rest_route=\/wp\/v2\/types\/post"}],"author":[{"embeddable":true,"href":"https:\/\/encuentroinformativo.com.mx\/index.php?rest_route=\/wp\/v2\/users\/2476"}],"replies":[{"embeddable":true,"href":"https:\/\/encuentroinformativo.com.mx\/index.php?rest_route=%2Fwp%2Fv2%2Fcomments&post=45282"}],"version-history":[{"count":1,"href":"https:\/\/encuentroinformativo.com.mx\/index.php?rest_route=\/wp\/v2\/posts\/45282\/revisions"}],"predecessor-version":[{"id":45284,"href":"https:\/\/encuentroinformativo.com.mx\/index.php?rest_route=\/wp\/v2\/posts\/45282\/revisions\/45284"}],"wp:featuredmedia":[{"embeddable":true,"href":"https:\/\/encuentroinformativo.com.mx\/index.php?rest_route=\/wp\/v2\/media\/45283"}],"wp:attachment":[{"href":"https:\/\/encuentroinformativo.com.mx\/index.php?rest_route=%2Fwp%2Fv2%2Fmedia&parent=45282"}],"wp:term":[{"taxonomy":"category","embeddable":true,"href":"https:\/\/encuentroinformativo.com.mx\/index.php?rest_route=%2Fwp%2Fv2%2Fcategories&post=45282"},{"taxonomy":"post_tag","embeddable":true,"href":"https:\/\/encuentroinformativo.com.mx\/index.php?rest_route=%2Fwp%2Fv2%2Ftags&post=45282"}],"curies":[{"name":"wp","href":"https:\/\/api.w.org\/{rel}","templated":true}]}}