{"id":45288,"date":"2023-09-16T11:09:16","date_gmt":"2023-09-16T17:09:16","guid":{"rendered":"https:\/\/encuentroinformativo.com.mx\/?p=45288"},"modified":"2023-09-16T11:09:20","modified_gmt":"2023-09-16T17:09:20","slug":"niega-poder-judicial-amenazas-a-jueza-angelica-n","status":"publish","type":"post","link":"https:\/\/encuentroinformativo.com.mx\/?p=45288","title":{"rendered":"Niega Poder Judicial amenazas a jueza Ang\u00e9lica N"},"content":{"rendered":"\n<p><strong>Dar\u00edo Pale <\/strong><\/p>\n\n\n\n<p>Xalapa, Ver.- Niega haber amenazado a la jueza Ang\u00e9lica S\u00e1nchez por no haber vinculado a proceso a Itiel Palacios, alias El Compa Playa y pregunt\u00f3: \u00bfqu\u00e9 le iba yo obligar a hacer?, as\u00ed lo inform\u00f3 la magistrada presidenta del Tribunal Superior de Justicia, Lisbeth Aurelia Jim\u00e9nez Aguirre.<\/p>\n\n\n\n<p>En entrevista previa a la guardia de honor al monumento a Miguel Hidalgo, &#8220;(El amparo) era lo que nosotros denominamos con plenitud de jurisdicci\u00f3n. Es decir, tu valor y vuelve a resolver e insisto, basta ver el amparo para saber que era muy amplio, entonces no pod\u00eda existir de mi parte ese tipo de acci\u00f3n porque, \u00bfqu\u00e9 le iba yo a obligar a hacer?&#8221;.<\/p>\n\n\n\n<p>&#8220;Si ella dice que le obligaba a que no cumpliera el amparo, pues eso es muy ambig\u00fco porque el amparo dec\u00eda: usted puede resolver en el mismo sentido o en sentido diverso fundando y motivando&#8221;, se\u00f1al\u00f3.<\/p>\n\n\n\n<p>La Magistrada reiter\u00f3 que jam\u00e1s la instig\u00f3 u oblig\u00f3 a hacer tal o cual cosa, mucho menos la amenaz\u00f3.<\/p>\n\n\n\n<p>Sostuvo que el fallo del juez que concedi\u00f3 el amparo a Itiel Palacios, presunto asesino del diputado local Juan Carlos Molina Palacios; le concedi\u00f3 plenitud de jurisdicci\u00f3n para volverlo a vincular a proceso o no.<\/p>\n\n\n\n<p>Es decir, le dio la facultad a la jueza Ang\u00e9lica S\u00e1nchez de resolver en el mismo sentido o en sentido diversos fundando y motivando.<\/p>\n\n\n\n<p>&#8220;Entonces yo c\u00f3mo podr\u00eda haberla instigado a resolver de tal o cual modo si el mismo juez federal le daba ambas posibilidades, es decir, puedes volver a vincular o no vincular, fundando o motivando&#8221;, coment\u00f3.<\/p>\n\n\n\n<p>&#8220;Entonces c\u00f3mo podr\u00eda yo instigarla a hacer tal o cu\u00e1l cosa si el mismo amparo era amplio, con plenitud de jurisdicci\u00f3n, no dec\u00eda si vincules, no vincules, no tra\u00eda ninguna instrucci\u00f3n espec\u00edfica en ese sentido&#8221;, agreg\u00f3.<\/p>\n\n\n\n<p>Coment\u00f3 que en cuanto se resuelva el amparo de la Jueza contra la orden de aprehensi\u00f3n acatar\u00e1n lo que defina el Poder Judicial Federal.<\/p>\n\n\n\n<p>En otro orden de ideas, dijo que hasta este momento no ha sido requerido el Poder Judicial del Estado por la ONU o la Secretar\u00eda de Gobernaci\u00f3n por la detenci\u00f3n de la jueza Ang\u00e9lica S\u00e1nchez, tal como s\u00ed sucedi\u00f3 con la Fiscal\u00eda General del Estado.<\/p>\n\n\n\n<p>&#8220;Yo hasta ahorita no tengo ning\u00fan requerimiento espec\u00edficamente en la presidencia del Tribunal. No tengo conocimiento de que nos hayan requerido alg\u00fan tipo de informaci\u00f3n&#8221;, subray\u00f3.<\/p>\n\n\n\n<p>Neg\u00f3 que haya habido alg\u00fan tipo de comunicaci\u00f3n con la Organizaci\u00f3n de las Naciones Unidas, pero manifest\u00f3 que est\u00e1n acostumbrados a rendir informes previos no s\u00f3lo por este asunto, sino por cualquiera.<\/p>\n\n\n\n<p>En ese sentido, dijo que no sabe cu\u00e1ndo se llevar\u00e1 a cabo la audiencia por el amparo contra la orden de aprehensi\u00f3n de la togada, quien previamente fue detenida por segunda ocasi\u00f3n, el pasado 16 de junio en la Ciudad de M\u00e9xico.<\/p>\n\n\n\n<p>Finalmente se\u00f1al\u00f3, &#8220;est\u00e1 contra la cuesti\u00f3n de la orden de aprehensi\u00f3n, o sea, lo que ella est\u00e1 combatiendo es la orden de aprehensi\u00f3n que fue lo que en su momento se ejecut\u00f3&#8221;.<\/p>\n","protected":false},"excerpt":{"rendered":"<p>Dar\u00edo Pale Xalapa, Ver.- Niega haber amenazado a la jueza Ang\u00e9lica S\u00e1nchez por no haber vinculado a proceso a Itiel Palacios, alias El Compa Playa y pregunt\u00f3: \u00bfqu\u00e9 le iba yo obligar a hacer?, as\u00ed lo inform\u00f3 la magistrada presidenta del Tribunal Superior de Justicia, Lisbeth Aurelia Jim\u00e9nez Aguirre. En entrevista previa a la guardia [&hellip;]<\/p>\n","protected":false},"author":2476,"featured_media":45289,"comment_status":"open","ping_status":"open","sticky":false,"template":"","format":"standard","meta":{"_jetpack_memberships_contains_paid_content":false,"footnotes":""},"categories":[2],"tags":[],"class_list":["post-45288","post","type-post","status-publish","format-standard","has-post-thumbnail","hentry","category-estado"],"jetpack_featured_media_url":"https:\/\/encuentroinformativo.com.mx\/wp-content\/uploads\/2023\/09\/IMG-20230916-WA0061.jpg","jetpack_sharing_enabled":true,"jetpack_likes_enabled":true,"amp_enabled":true,"_links":{"self":[{"href":"https:\/\/encuentroinformativo.com.mx\/index.php?rest_route=\/wp\/v2\/posts\/45288","targetHints":{"allow":["GET"]}}],"collection":[{"href":"https:\/\/encuentroinformativo.com.mx\/index.php?rest_route=\/wp\/v2\/posts"}],"about":[{"href":"https:\/\/encuentroinformativo.com.mx\/index.php?rest_route=\/wp\/v2\/types\/post"}],"author":[{"embeddable":true,"href":"https:\/\/encuentroinformativo.com.mx\/index.php?rest_route=\/wp\/v2\/users\/2476"}],"replies":[{"embeddable":true,"href":"https:\/\/encuentroinformativo.com.mx\/index.php?rest_route=%2Fwp%2Fv2%2Fcomments&post=45288"}],"version-history":[{"count":1,"href":"https:\/\/encuentroinformativo.com.mx\/index.php?rest_route=\/wp\/v2\/posts\/45288\/revisions"}],"predecessor-version":[{"id":45290,"href":"https:\/\/encuentroinformativo.com.mx\/index.php?rest_route=\/wp\/v2\/posts\/45288\/revisions\/45290"}],"wp:featuredmedia":[{"embeddable":true,"href":"https:\/\/encuentroinformativo.com.mx\/index.php?rest_route=\/wp\/v2\/media\/45289"}],"wp:attachment":[{"href":"https:\/\/encuentroinformativo.com.mx\/index.php?rest_route=%2Fwp%2Fv2%2Fmedia&parent=45288"}],"wp:term":[{"taxonomy":"category","embeddable":true,"href":"https:\/\/encuentroinformativo.com.mx\/index.php?rest_route=%2Fwp%2Fv2%2Fcategories&post=45288"},{"taxonomy":"post_tag","embeddable":true,"href":"https:\/\/encuentroinformativo.com.mx\/index.php?rest_route=%2Fwp%2Fv2%2Ftags&post=45288"}],"curies":[{"name":"wp","href":"https:\/\/api.w.org\/{rel}","templated":true}]}}