{"id":45294,"date":"2023-09-16T11:47:18","date_gmt":"2023-09-16T17:47:18","guid":{"rendered":"https:\/\/encuentroinformativo.com.mx\/?p=45294"},"modified":"2023-09-16T11:47:22","modified_gmt":"2023-09-16T17:47:22","slug":"nanchitecos-bloquean-grito-de-independencia-llaman-traidora-a-alcaldesa","status":"publish","type":"post","link":"https:\/\/encuentroinformativo.com.mx\/?p=45294","title":{"rendered":"Nanchitecos bloquean Grito de Independencia, llaman traidora a alcaldesa"},"content":{"rendered":"\n<p><strong>Alejandro \u00c1vila<\/strong><\/p>\n\n\n\n<p>Nanchital, Ver.- Nanchital fue el \u00fanico municipio de la entidad veracruzana que no realiz\u00f3 el Grito de Independencia la noche de este viernes, debido a una fuerte manifestaci\u00f3n ciudadana en pleno z\u00f3calo de la ciudad.<\/p>\n\n\n\n<p>Aproximadamente 8 mil nanchitecos se plantaron en bajos del Palacio Municipal y mostraron pancartas, adem\u00e1s de lanzar injurias en contra de la alcaldesa, Esmeralda Mora Zamudio, a quien acusan de aprobar de manera ilegal la construcci\u00f3n del nuevo Relleno Sanitario; ante esta situaci\u00f3n, la edil tuvo que suspender el evento del Grito de Independencia.<\/p>\n\n\n\n<p>Desde hace semanas la ciudadan\u00eda de Nanchital se encuentra inconforme tras el anuncio del centro de tratamiento de residuos, donde la Secretar\u00eda del Medio Ambiente (SEDEMA), en coordinaci\u00f3n con los tres \u00f3rdenes de gobierno, planean depositar los residuos s\u00f3lidos de la regi\u00f3n y&nbsp; atender la problem\u00e1tica del destino final de la basura de varias ciudades en el sur de Veracruz.<\/p>\n\n\n\n<p>Es por ello que la tarde de este viernes 15 de septiembre, los quejosos iniciaron la marcha pac\u00edfica partiendo de la colonia Guadalupe Tepeyac segunda etapa, para recorrer con pancartas en mano y gritos de \u00a1No al relleno sanitario! las principales calles de Nachital, para finalmente arribar al parque Benito Ju\u00e1rez.<\/p>\n\n\n\n<p>La explanada del parque fue ocupada por los manifestantes, que con lonas, cartulinas, meg\u00e1fonos y matracas, lanzaban consignas.<\/p>\n\n\n\n<p>&#8220;El pueblo unido jam\u00e1s ser\u00e1 vencido&#8221;, &#8220;No lo vamos a permitir&#8221;, &#8220;Fuera Mora, fuera Mora, fuera Mora&#8221;.<\/p>\n\n\n\n<p>En alusi\u00f3n a la alcaldesa de Nanchital Esmeralda Mora Zamudio, a qui\u00e9n acusan de traidora y responsabilizan de haber aceptado el nuevo relleno sanitario en Nanchital.<\/p>\n\n\n\n<p>Por primera ocasi\u00f3n en Nanchital no hubo el tradicional Grito por parte de autoridades municipales, en esta hist\u00f3rica ocasi\u00f3n fueron los ciudadanos y decenas de familias quienes lo hicieron.<\/p>\n","protected":false},"excerpt":{"rendered":"<p>Alejandro \u00c1vila Nanchital, Ver.- Nanchital fue el \u00fanico municipio de la entidad veracruzana que no realiz\u00f3 el Grito de Independencia la noche de este viernes, debido a una fuerte manifestaci\u00f3n ciudadana en pleno z\u00f3calo de la ciudad. Aproximadamente 8 mil nanchitecos se plantaron en bajos del Palacio Municipal y mostraron pancartas, adem\u00e1s de lanzar injurias [&hellip;]<\/p>\n","protected":false},"author":2476,"featured_media":45295,"comment_status":"open","ping_status":"open","sticky":false,"template":"","format":"standard","meta":{"_jetpack_memberships_contains_paid_content":false,"footnotes":""},"categories":[2],"tags":[],"class_list":["post-45294","post","type-post","status-publish","format-standard","has-post-thumbnail","hentry","category-estado"],"jetpack_featured_media_url":"https:\/\/encuentroinformativo.com.mx\/wp-content\/uploads\/2023\/09\/IMG-20230916-WA0095.jpg","jetpack_sharing_enabled":true,"jetpack_likes_enabled":true,"amp_enabled":true,"_links":{"self":[{"href":"https:\/\/encuentroinformativo.com.mx\/index.php?rest_route=\/wp\/v2\/posts\/45294","targetHints":{"allow":["GET"]}}],"collection":[{"href":"https:\/\/encuentroinformativo.com.mx\/index.php?rest_route=\/wp\/v2\/posts"}],"about":[{"href":"https:\/\/encuentroinformativo.com.mx\/index.php?rest_route=\/wp\/v2\/types\/post"}],"author":[{"embeddable":true,"href":"https:\/\/encuentroinformativo.com.mx\/index.php?rest_route=\/wp\/v2\/users\/2476"}],"replies":[{"embeddable":true,"href":"https:\/\/encuentroinformativo.com.mx\/index.php?rest_route=%2Fwp%2Fv2%2Fcomments&post=45294"}],"version-history":[{"count":1,"href":"https:\/\/encuentroinformativo.com.mx\/index.php?rest_route=\/wp\/v2\/posts\/45294\/revisions"}],"predecessor-version":[{"id":45296,"href":"https:\/\/encuentroinformativo.com.mx\/index.php?rest_route=\/wp\/v2\/posts\/45294\/revisions\/45296"}],"wp:featuredmedia":[{"embeddable":true,"href":"https:\/\/encuentroinformativo.com.mx\/index.php?rest_route=\/wp\/v2\/media\/45295"}],"wp:attachment":[{"href":"https:\/\/encuentroinformativo.com.mx\/index.php?rest_route=%2Fwp%2Fv2%2Fmedia&parent=45294"}],"wp:term":[{"taxonomy":"category","embeddable":true,"href":"https:\/\/encuentroinformativo.com.mx\/index.php?rest_route=%2Fwp%2Fv2%2Fcategories&post=45294"},{"taxonomy":"post_tag","embeddable":true,"href":"https:\/\/encuentroinformativo.com.mx\/index.php?rest_route=%2Fwp%2Fv2%2Ftags&post=45294"}],"curies":[{"name":"wp","href":"https:\/\/api.w.org\/{rel}","templated":true}]}}