{"id":45297,"date":"2023-09-16T09:49:46","date_gmt":"2023-09-16T15:49:46","guid":{"rendered":"https:\/\/encuentroinformativo.com.mx\/?p=45297"},"modified":"2023-09-16T11:50:26","modified_gmt":"2023-09-16T17:50:26","slug":"ayuntamiento-de-medellin-de-bravo-regalara-tramite-legal-de-divorcios","status":"publish","type":"post","link":"https:\/\/encuentroinformativo.com.mx\/?p=45297","title":{"rendered":"Ayuntamiento de Medell\u00edn de Bravo regalar\u00e1 tr\u00e1mite legal de divorcios"},"content":{"rendered":"\n<p><strong>Alejandro \u00c1vila<\/strong><\/p>\n\n\n\n<p>Medell\u00edn de Bravo, Ver.- El alcalde, Marcos Isle\u00f1o Andrade, mencion\u00f3 que durante la segunda mitad del mes de septiembre, toda persona interesada en formalizar su separaci\u00f3n conyugal, le ser\u00e1n realizados de forma gratuita los tr\u00e1mites legales.<\/p>\n\n\n\n<p>Los interesados deber\u00e1n presentar la documentaci\u00f3n pertinente entre el 18 y 30 de septiembre, adem\u00e1s deben de cumplir con ciertos requisitos para la exenci\u00f3n del pago del documento de divorcio, siendo una de las m\u00e1s importantes, el que sean avecindados en el municipio de Medell\u00edn de Bravo.<\/p>\n\n\n\n<p>&#8220;Nuestro gobierno siempre ha sido un fuerte impulsor de la familia, pero tambi\u00e9n comprendemos que la econom\u00eda ha tenido serios altibajos\u201d.&nbsp;<\/p>\n\n\n\n<p>\u201cPor ello, como respaldo a todas las personas de bajos recursos econ\u00f3micos que est\u00e9n separadas y deseen divorciarse, el Ayuntamiento de Medell\u00edn exentar\u00e1 el pago a todos los divorcios administrativos&#8221;, dijo el presidente municipal.<\/p>\n\n\n\n<p>En ese sentido, detall\u00f3 que las parejas interesadas deber\u00e1n cumplir con los siguientes requisitos:<\/p>\n\n\n\n<p>1.- Por lo menos una de las dos personas deben contar con residencia en Medell\u00edn y cuenten con su INE del municipio.&nbsp;<\/p>\n\n\n\n<p>2.- No hijos menores de 18 a\u00f1os.&nbsp;<\/p>\n\n\n\n<p>Quienes deseen llevar a cabo dicho proceso deber\u00e1n presentar la documentaci\u00f3n correspondiente del 18 al 30 de septiembre, o comunicarse para cualquier duda al tel\u00e9fono&nbsp; (229) 113 3914.<\/p>\n\n\n\n<p>\u00bfC\u00f3mo procede un divorcio administrativo?<\/p>\n\n\n\n<p>El divorcio administrativo procede cuando ambos c\u00f3nyuges convengan en divorciarse, sean mayores de edad y hayan liquidado la sociedad conyugal de bienes (si estuvieran casados bajo ese r\u00e9gimen patrimonial).<\/p>\n\n\n\n<p>Adem\u00e1s, no deben tener hijos en com\u00fan, o si los tuvieran, que \u00e9stos sean mayores de edad.<\/p>\n","protected":false},"excerpt":{"rendered":"<p>Alejandro \u00c1vila Medell\u00edn de Bravo, Ver.- El alcalde, Marcos Isle\u00f1o Andrade, mencion\u00f3 que durante la segunda mitad del mes de septiembre, toda persona interesada en formalizar su separaci\u00f3n conyugal, le ser\u00e1n realizados de forma gratuita los tr\u00e1mites legales. Los interesados deber\u00e1n presentar la documentaci\u00f3n pertinente entre el 18 y 30 de septiembre, adem\u00e1s deben de [&hellip;]<\/p>\n","protected":false},"author":2476,"featured_media":45298,"comment_status":"open","ping_status":"open","sticky":false,"template":"","format":"standard","meta":{"_jetpack_memberships_contains_paid_content":false,"footnotes":""},"categories":[2],"tags":[],"class_list":["post-45297","post","type-post","status-publish","format-standard","has-post-thumbnail","hentry","category-estado"],"jetpack_featured_media_url":"https:\/\/encuentroinformativo.com.mx\/wp-content\/uploads\/2023\/09\/IMG-20230916-WA0047.jpg","jetpack_sharing_enabled":true,"jetpack_likes_enabled":true,"amp_enabled":true,"_links":{"self":[{"href":"https:\/\/encuentroinformativo.com.mx\/index.php?rest_route=\/wp\/v2\/posts\/45297","targetHints":{"allow":["GET"]}}],"collection":[{"href":"https:\/\/encuentroinformativo.com.mx\/index.php?rest_route=\/wp\/v2\/posts"}],"about":[{"href":"https:\/\/encuentroinformativo.com.mx\/index.php?rest_route=\/wp\/v2\/types\/post"}],"author":[{"embeddable":true,"href":"https:\/\/encuentroinformativo.com.mx\/index.php?rest_route=\/wp\/v2\/users\/2476"}],"replies":[{"embeddable":true,"href":"https:\/\/encuentroinformativo.com.mx\/index.php?rest_route=%2Fwp%2Fv2%2Fcomments&post=45297"}],"version-history":[{"count":1,"href":"https:\/\/encuentroinformativo.com.mx\/index.php?rest_route=\/wp\/v2\/posts\/45297\/revisions"}],"predecessor-version":[{"id":45299,"href":"https:\/\/encuentroinformativo.com.mx\/index.php?rest_route=\/wp\/v2\/posts\/45297\/revisions\/45299"}],"wp:featuredmedia":[{"embeddable":true,"href":"https:\/\/encuentroinformativo.com.mx\/index.php?rest_route=\/wp\/v2\/media\/45298"}],"wp:attachment":[{"href":"https:\/\/encuentroinformativo.com.mx\/index.php?rest_route=%2Fwp%2Fv2%2Fmedia&parent=45297"}],"wp:term":[{"taxonomy":"category","embeddable":true,"href":"https:\/\/encuentroinformativo.com.mx\/index.php?rest_route=%2Fwp%2Fv2%2Fcategories&post=45297"},{"taxonomy":"post_tag","embeddable":true,"href":"https:\/\/encuentroinformativo.com.mx\/index.php?rest_route=%2Fwp%2Fv2%2Ftags&post=45297"}],"curies":[{"name":"wp","href":"https:\/\/api.w.org\/{rel}","templated":true}]}}