{"id":45300,"date":"2023-09-16T11:52:59","date_gmt":"2023-09-16T17:52:59","guid":{"rendered":"https:\/\/encuentroinformativo.com.mx\/?p=45300"},"modified":"2023-09-16T11:53:03","modified_gmt":"2023-09-16T17:53:03","slug":"veracruz-sede-de-congreso-de-criminologia","status":"publish","type":"post","link":"https:\/\/encuentroinformativo.com.mx\/?p=45300","title":{"rendered":"Veracruz sede de Congreso de Criminolog\u00eda"},"content":{"rendered":"\n<p><strong>Alejandro \u00c1vila<\/strong><\/p>\n\n\n\n<p>Veracruz, Ver.- El municipio de Veracruz ser\u00e1 sede de un Congreso de Criminolog\u00eda el pr\u00f3ximo 16 de noviembre mismo que ser\u00e1 organizado por el Colegio Libre de Estudios Universitarios (CLEU), y el cual tendr\u00e1 a cuatro grandes ponentes de las ciencias forenses.<\/p>\n\n\n\n<p>El director del campus Veracruz, Rogelio Alfonso Aguilar Alc\u00e1zar, invit\u00f3 a estudiantes y profesionales en las \u00e1reas de criminal\u00edstica, as\u00ed como a otras profesiones afines y al p\u00fablico en general a sumarse a su celebraci\u00f3n.<\/p>\n\n\n\n<p>&#8220;Tenemos temas muy muy especializados, se llama a criminolog\u00edas espec\u00edficas y perfilaci\u00f3n criminal, tenemos cuatro ponentes de lujo la verdad, expertos en el tema, dicho sea de paso para abundar m\u00e1s en las criminolog\u00edas espec\u00edficas.<\/p>\n\n\n\n<p>&#8220;En esta ocasi\u00f3n tenemos a cuatro panelistas, todos son de aqu\u00ed de la Rep\u00fablica mexicana, el maestro Rogelio Mu\u00f1oz, El nos va a traer el tema de criminolog\u00eda ambiental, El maestro Jes\u00fas Vaca Cort\u00e9s, perfil acci\u00f3n geogr\u00e1fica y uso de software, el es uno de los mejores perfiladores que tenemos en M\u00e9xico.<\/p>\n\n\n\n<p>&#8220;Tenemos a la licenciada Marta Catalina P\u00e9rez Gonz\u00e1lez Ella va a hablar de la evaluaci\u00f3n de la credibilidad del testigo y testimonio Y el maestro Francisco Jos\u00e9 Guti\u00e9rrez Rodr\u00edguez factores psicosociales de la conducta suicida&#8221;, inform\u00f3 el director.<\/p>\n\n\n\n<p>Refiri\u00f3 que por el momento cuentan ya con una modalidad de preventa hasta el 1 de noviembre que tiene un costo de 700 pesos, donde se puede apartar con la mitad e irlo liquidando poco a poco, y as\u00ed asegurar su lugar.<\/p>\n\n\n\n<p>Posteriormente despu\u00e9s de dicha fecha, tendr\u00e1 un costo general de 1100 pesos hasta el d\u00eda del evento, que se realizar\u00e1 en las instalaciones del hotel Comfort Inn del bulevar &#8220;Manuel Avila Camacho&#8221;, muy cerca del Acuario, en horario de 9 de la ma\u00f1ana a 2 de la tarde.<\/p>\n","protected":false},"excerpt":{"rendered":"<p>Alejandro \u00c1vila Veracruz, Ver.- El municipio de Veracruz ser\u00e1 sede de un Congreso de Criminolog\u00eda el pr\u00f3ximo 16 de noviembre mismo que ser\u00e1 organizado por el Colegio Libre de Estudios Universitarios (CLEU), y el cual tendr\u00e1 a cuatro grandes ponentes de las ciencias forenses. El director del campus Veracruz, Rogelio Alfonso Aguilar Alc\u00e1zar, invit\u00f3 a [&hellip;]<\/p>\n","protected":false},"author":2476,"featured_media":45301,"comment_status":"open","ping_status":"open","sticky":false,"template":"","format":"standard","meta":{"_jetpack_memberships_contains_paid_content":false,"footnotes":""},"categories":[2],"tags":[],"class_list":["post-45300","post","type-post","status-publish","format-standard","has-post-thumbnail","hentry","category-estado"],"jetpack_featured_media_url":"https:\/\/encuentroinformativo.com.mx\/wp-content\/uploads\/2023\/09\/IMG-20230916-WA00942.jpg","jetpack_sharing_enabled":true,"jetpack_likes_enabled":true,"amp_enabled":true,"_links":{"self":[{"href":"https:\/\/encuentroinformativo.com.mx\/index.php?rest_route=\/wp\/v2\/posts\/45300","targetHints":{"allow":["GET"]}}],"collection":[{"href":"https:\/\/encuentroinformativo.com.mx\/index.php?rest_route=\/wp\/v2\/posts"}],"about":[{"href":"https:\/\/encuentroinformativo.com.mx\/index.php?rest_route=\/wp\/v2\/types\/post"}],"author":[{"embeddable":true,"href":"https:\/\/encuentroinformativo.com.mx\/index.php?rest_route=\/wp\/v2\/users\/2476"}],"replies":[{"embeddable":true,"href":"https:\/\/encuentroinformativo.com.mx\/index.php?rest_route=%2Fwp%2Fv2%2Fcomments&post=45300"}],"version-history":[{"count":1,"href":"https:\/\/encuentroinformativo.com.mx\/index.php?rest_route=\/wp\/v2\/posts\/45300\/revisions"}],"predecessor-version":[{"id":45302,"href":"https:\/\/encuentroinformativo.com.mx\/index.php?rest_route=\/wp\/v2\/posts\/45300\/revisions\/45302"}],"wp:featuredmedia":[{"embeddable":true,"href":"https:\/\/encuentroinformativo.com.mx\/index.php?rest_route=\/wp\/v2\/media\/45301"}],"wp:attachment":[{"href":"https:\/\/encuentroinformativo.com.mx\/index.php?rest_route=%2Fwp%2Fv2%2Fmedia&parent=45300"}],"wp:term":[{"taxonomy":"category","embeddable":true,"href":"https:\/\/encuentroinformativo.com.mx\/index.php?rest_route=%2Fwp%2Fv2%2Fcategories&post=45300"},{"taxonomy":"post_tag","embeddable":true,"href":"https:\/\/encuentroinformativo.com.mx\/index.php?rest_route=%2Fwp%2Fv2%2Ftags&post=45300"}],"curies":[{"name":"wp","href":"https:\/\/api.w.org\/{rel}","templated":true}]}}