{"id":45306,"date":"2023-09-16T12:23:50","date_gmt":"2023-09-16T18:23:50","guid":{"rendered":"https:\/\/encuentroinformativo.com.mx\/?p=45306"},"modified":"2023-09-16T12:23:54","modified_gmt":"2023-09-16T18:23:54","slug":"participan-fuerzas-armadas-en-desfile-civico-militar","status":"publish","type":"post","link":"https:\/\/encuentroinformativo.com.mx\/?p=45306","title":{"rendered":"Participan fuerzas armadas en Desfile C\u00edvico Militar"},"content":{"rendered":"\n<p><strong>Dar\u00edo Pale <\/strong><\/p>\n\n\n\n<p>Xalapa, Ver.- A las 09:00 horas dio inicio el desfilo c\u00edvico militar del 213 aniversario del inicio de la independencia donde participaron aproximadamente mas de 2 mil elementos de las diferentes corporaciones del Ejercito, Guardia Nacional, Seguridad P\u00fablica del Estado, Seguridad P\u00fablica Municipal, Transito del estado, IPAX, Pentatl\u00f3n.\u00a0<\/p>\n\n\n\n<p>Contrario a lo que se ha vivido en otros a\u00f1os en esta ocasi\u00f3n muy pocas personas asistieron al desfile, donde solo participaron elementos de las fuerzas armadas sin que alguna escuela asistiera o participar\u00e1.<\/p>\n\n\n\n<p>Marcharon por parte del Ej\u00e9rcito Mexicano 698 elementos, 22 veh\u00edculos y nueve caballos; de la Guardia Nacional: 139 oficiales y 13 unidades, y de la Secretar\u00eda de Seguridad P\u00fablica 606 efectivos, 34 patrullas, 34 motocicletas, 31 caballos, 10 binomios caninos, dos embarcaciones y un helic\u00f3ptero.<\/p>\n\n\n\n<p>Por parte de Tr\u00e1nsito Municipal: 98 agentes, tres veh\u00edculos, dos camionetas y 10 motocicletas; de la Polic\u00eda Municipal: 88 elementos, 10 motocicletas, tres autos razer, tres pickups y un canino; junto a los pentatlones deportivos de Am\u00e9rica y Zona Xalapa con 450 atletas y, para el resguardo de la ciudadan\u00eda, 450 conscriptos de los centros de adiestramiento de la 26\/a Zona Militar.<\/p>\n\n\n\n<p>Por \u00faltimo cabe se\u00f1alar que el tradicional desfile parti\u00f3 de la avenida Manuel \u00c1vila Camacho hacia Juan de la Luz Enr\u00edquez el cual s\u00f3lo dur\u00f3 35 minutos.<\/p>\n\n\n\n<figure class=\"wp-block-image size-large\"><img loading=\"lazy\" decoding=\"async\" width=\"1024\" height=\"460\" src=\"https:\/\/encuentroinformativo.com.mx\/wp-content\/uploads\/2023\/09\/IMG-20230916-WA0100-1024x460.jpg\" alt=\"\" class=\"wp-image-45308\" srcset=\"https:\/\/encuentroinformativo.com.mx\/wp-content\/uploads\/2023\/09\/IMG-20230916-WA0100-1024x460.jpg 1024w, https:\/\/encuentroinformativo.com.mx\/wp-content\/uploads\/2023\/09\/IMG-20230916-WA0100-300x135.jpg 300w, https:\/\/encuentroinformativo.com.mx\/wp-content\/uploads\/2023\/09\/IMG-20230916-WA0100-768x345.jpg 768w, https:\/\/encuentroinformativo.com.mx\/wp-content\/uploads\/2023\/09\/IMG-20230916-WA0100-1536x690.jpg 1536w, https:\/\/encuentroinformativo.com.mx\/wp-content\/uploads\/2023\/09\/IMG-20230916-WA0100.jpg 1600w\" sizes=\"auto, (max-width: 1024px) 100vw, 1024px\" \/><\/figure>\n","protected":false},"excerpt":{"rendered":"<p>Dar\u00edo Pale Xalapa, Ver.- A las 09:00 horas dio inicio el desfilo c\u00edvico militar del 213 aniversario del inicio de la independencia donde participaron aproximadamente mas de 2 mil elementos de las diferentes corporaciones del Ejercito, Guardia Nacional, Seguridad P\u00fablica del Estado, Seguridad P\u00fablica Municipal, Transito del estado, IPAX, Pentatl\u00f3n.\u00a0 Contrario a lo que se [&hellip;]<\/p>\n","protected":false},"author":2476,"featured_media":45307,"comment_status":"open","ping_status":"open","sticky":false,"template":"","format":"standard","meta":{"_jetpack_memberships_contains_paid_content":false,"footnotes":""},"categories":[3],"tags":[],"class_list":["post-45306","post","type-post","status-publish","format-standard","has-post-thumbnail","hentry","category-xalapa"],"jetpack_featured_media_url":"https:\/\/encuentroinformativo.com.mx\/wp-content\/uploads\/2023\/09\/IMG-20230916-WA0108.jpg","jetpack_sharing_enabled":true,"jetpack_likes_enabled":true,"amp_enabled":true,"_links":{"self":[{"href":"https:\/\/encuentroinformativo.com.mx\/index.php?rest_route=\/wp\/v2\/posts\/45306","targetHints":{"allow":["GET"]}}],"collection":[{"href":"https:\/\/encuentroinformativo.com.mx\/index.php?rest_route=\/wp\/v2\/posts"}],"about":[{"href":"https:\/\/encuentroinformativo.com.mx\/index.php?rest_route=\/wp\/v2\/types\/post"}],"author":[{"embeddable":true,"href":"https:\/\/encuentroinformativo.com.mx\/index.php?rest_route=\/wp\/v2\/users\/2476"}],"replies":[{"embeddable":true,"href":"https:\/\/encuentroinformativo.com.mx\/index.php?rest_route=%2Fwp%2Fv2%2Fcomments&post=45306"}],"version-history":[{"count":1,"href":"https:\/\/encuentroinformativo.com.mx\/index.php?rest_route=\/wp\/v2\/posts\/45306\/revisions"}],"predecessor-version":[{"id":45309,"href":"https:\/\/encuentroinformativo.com.mx\/index.php?rest_route=\/wp\/v2\/posts\/45306\/revisions\/45309"}],"wp:featuredmedia":[{"embeddable":true,"href":"https:\/\/encuentroinformativo.com.mx\/index.php?rest_route=\/wp\/v2\/media\/45307"}],"wp:attachment":[{"href":"https:\/\/encuentroinformativo.com.mx\/index.php?rest_route=%2Fwp%2Fv2%2Fmedia&parent=45306"}],"wp:term":[{"taxonomy":"category","embeddable":true,"href":"https:\/\/encuentroinformativo.com.mx\/index.php?rest_route=%2Fwp%2Fv2%2Fcategories&post=45306"},{"taxonomy":"post_tag","embeddable":true,"href":"https:\/\/encuentroinformativo.com.mx\/index.php?rest_route=%2Fwp%2Fv2%2Ftags&post=45306"}],"curies":[{"name":"wp","href":"https:\/\/api.w.org\/{rel}","templated":true}]}}