{"id":45310,"date":"2023-09-16T16:42:46","date_gmt":"2023-09-16T22:42:46","guid":{"rendered":"https:\/\/encuentroinformativo.com.mx\/?p=45310"},"modified":"2023-09-16T16:42:50","modified_gmt":"2023-09-16T22:42:50","slug":"destinan-650-mdp-para-complejos-deportivos-en-boca-del-rio","status":"publish","type":"post","link":"https:\/\/encuentroinformativo.com.mx\/?p=45310","title":{"rendered":"Destinan 650 mdp para complejos deportivos en Boca del R\u00edo"},"content":{"rendered":"\n<p><strong>Alejandro \u00c1vila<\/strong><\/p>\n\n\n\n<p>Boca del R\u00edo, Ver.- Durante la actual administraci\u00f3n estatal, el Gobierno de Veracruz ha invertido aproximadamente 650 millones de pesos en la rehabilitaci\u00f3n de los complejos deportivos en el municipio de Boca del R\u00edo, destac\u00f3, Luis Casas, Director de Informaci\u00f3n de la Coordinaci\u00f3n General de Comunicaci\u00f3n Social.<\/p>\n\n\n\n<p>El funcionario estatal destac\u00f3 las inversiones que se han realizado en Boca del R\u00edo como parte del programa de gobierno, como lo son la remodelaci\u00f3n del Estadio de Beisbol \u201cBeto \u00c1vila\u201d, as\u00ed como el de Futbol \u201cLuis Pirata Fuente\u201d y diversas obras en complejos y de infraestructura en todo el municipio.<\/p>\n\n\n\n<p>\u201cEl Gobierno Estatal, la 4T y el gobernador Cuitl\u00e1huac Garc\u00eda le dan mucha importancia a Boca del R\u00edo, recordemos que hay una gran inversi\u00f3n en la zona. Especialmente en el Complejo Deportivo Veracruz, Recordemos que estamos impulsando el desarrollo econ\u00f3mico, ah\u00ed invertimos alrededor de 650 millones de pesos para incentivar la econom\u00eda, impulsarla\u201d, dijo.&nbsp;<\/p>\n\n\n\n<p>Cuestionado sobre una posible aspiraci\u00f3n para una diputaci\u00f3n, el funcionario expres\u00f3.<\/p>\n\n\n\n<p>&#8220;Creo que estoy como el meme, cuando tenga una aspiraci\u00f3n no dir\u00e9 nada, pero habr\u00e1 se\u00f1ales. Ya ser\u00e1n los tiempos. Ahora venimos institucionalmente a representar al gobernador Cuitl\u00e1huac Garc\u00eda&#8221;, dijo tras salir de los festejos de Independencia en el municipio de Boca del R\u00edo, donde fue invitado especial.<\/p>\n\n\n\n<p>\u201cTenemos una muy&nbsp; buena coordinaci\u00f3n con el alcalde de Boca del R\u00edo, hemos organizado con \u00e9l eventos como el Salsa Fest. Logramos en ese evento una derrama de 633 millones de pesos, tambi\u00e9n en materia de seguridad a trav\u00e9s de las mesas de para la Construcci\u00f3n de la Paz\u201d, mencion\u00f3.<\/p>\n","protected":false},"excerpt":{"rendered":"<p>Alejandro \u00c1vila Boca del R\u00edo, Ver.- Durante la actual administraci\u00f3n estatal, el Gobierno de Veracruz ha invertido aproximadamente 650 millones de pesos en la rehabilitaci\u00f3n de los complejos deportivos en el municipio de Boca del R\u00edo, destac\u00f3, Luis Casas, Director de Informaci\u00f3n de la Coordinaci\u00f3n General de Comunicaci\u00f3n Social. El funcionario estatal destac\u00f3 las inversiones [&hellip;]<\/p>\n","protected":false},"author":2476,"featured_media":45311,"comment_status":"open","ping_status":"open","sticky":false,"template":"","format":"standard","meta":{"_jetpack_memberships_contains_paid_content":false,"footnotes":""},"categories":[2],"tags":[],"class_list":["post-45310","post","type-post","status-publish","format-standard","has-post-thumbnail","hentry","category-estado"],"jetpack_featured_media_url":"https:\/\/encuentroinformativo.com.mx\/wp-content\/uploads\/2023\/09\/IMG-20230916-WA01252.jpg","jetpack_sharing_enabled":true,"jetpack_likes_enabled":true,"amp_enabled":true,"_links":{"self":[{"href":"https:\/\/encuentroinformativo.com.mx\/index.php?rest_route=\/wp\/v2\/posts\/45310","targetHints":{"allow":["GET"]}}],"collection":[{"href":"https:\/\/encuentroinformativo.com.mx\/index.php?rest_route=\/wp\/v2\/posts"}],"about":[{"href":"https:\/\/encuentroinformativo.com.mx\/index.php?rest_route=\/wp\/v2\/types\/post"}],"author":[{"embeddable":true,"href":"https:\/\/encuentroinformativo.com.mx\/index.php?rest_route=\/wp\/v2\/users\/2476"}],"replies":[{"embeddable":true,"href":"https:\/\/encuentroinformativo.com.mx\/index.php?rest_route=%2Fwp%2Fv2%2Fcomments&post=45310"}],"version-history":[{"count":1,"href":"https:\/\/encuentroinformativo.com.mx\/index.php?rest_route=\/wp\/v2\/posts\/45310\/revisions"}],"predecessor-version":[{"id":45312,"href":"https:\/\/encuentroinformativo.com.mx\/index.php?rest_route=\/wp\/v2\/posts\/45310\/revisions\/45312"}],"wp:featuredmedia":[{"embeddable":true,"href":"https:\/\/encuentroinformativo.com.mx\/index.php?rest_route=\/wp\/v2\/media\/45311"}],"wp:attachment":[{"href":"https:\/\/encuentroinformativo.com.mx\/index.php?rest_route=%2Fwp%2Fv2%2Fmedia&parent=45310"}],"wp:term":[{"taxonomy":"category","embeddable":true,"href":"https:\/\/encuentroinformativo.com.mx\/index.php?rest_route=%2Fwp%2Fv2%2Fcategories&post=45310"},{"taxonomy":"post_tag","embeddable":true,"href":"https:\/\/encuentroinformativo.com.mx\/index.php?rest_route=%2Fwp%2Fv2%2Ftags&post=45310"}],"curies":[{"name":"wp","href":"https:\/\/api.w.org\/{rel}","templated":true}]}}