{"id":45318,"date":"2023-09-17T15:57:14","date_gmt":"2023-09-17T21:57:14","guid":{"rendered":"https:\/\/encuentroinformativo.com.mx\/?p=45318"},"modified":"2023-09-17T15:57:21","modified_gmt":"2023-09-17T21:57:21","slug":"en-aumento-accidentes-mortales-de-motociclistas","status":"publish","type":"post","link":"https:\/\/encuentroinformativo.com.mx\/?p=45318","title":{"rendered":"En aumento accidentes mortales de motociclistas"},"content":{"rendered":"\n<p><strong>Juan Arcos <\/strong><\/p>\n\n\n\n<p>Xalapa, Ver.- Los accidentes mortales de motociclistas se han incrementado durante los \u00faltimos meses en distintos municipios de la regi\u00f3n capital del estado de Veracruz.<\/p>\n\n\n\n<p>Se han registrado casos en Xalapa, Coatepec, Banderilla y Xico, por mencionar algunos municipios de la zona.<\/p>\n\n\n\n<p>Un motociclista, de unos 28 a\u00f1os, muri\u00f3 tras impactarse contra un taxi sobre la carretera Xico-Coatepec, a la altura de la comunidad San Marcos de Le\u00f3n, en la entrada hacia la congregaci\u00f3n \u00darsulo Galv\u00e1n.<\/p>\n\n\n\n<p>Los hechos ocurrieron alrededor de las 17:00 horas del s\u00e1bado 16 de septiembre, frente a la gasolinera que se encuentra cerca de la desviaci\u00f3n hacia el municipio de Teocelo.<\/p>\n\n\n\n<p>El cuerpo del joven qued\u00f3 tendido sobre el pavimento. Se observaba su cabeza sobre un charco de sangre, debido a la gravedad de las lesiones.<\/p>\n\n\n\n<p>De acuerdo con testigos, el taxista daba vuelta en \u201cu\u201d cuando el motociclista se impact\u00f3 contra la parte delantera del auto de alquiler, con n\u00famero econ\u00f3mico XL-6583 de la ciudad de Xalapa.<\/p>\n\n\n\n<p>Sin embargo, ser\u00e1n las autoridades quienes lleven a cabo los peritajes para deslindar responsabilidades tras este fatal accidente registrado en la regi\u00f3n capital del estado de Veracruz.<\/p>\n\n\n\n<p>La carretera fue acordonada por elementos de la Secretar\u00eda de Seguridad P\u00fablica (SSP), con base en el municipio de Xico, quedando cerrados ambos sentidos, en espera del personal de la Direcci\u00f3n General de Servicios Periciales para el levantamiento del cuerpo.<\/p>\n\n\n\n<p>Al lugar tambi\u00e9n arrib\u00f3 personal de Protecci\u00f3n Civil municipal e intent\u00f3 brindar los primeros auxilios al joven pero ya no contaba con signos vitales.<\/p>\n\n\n\n<p>Algunos de los que presenciaron el percance indicaron que en la motocicleta viajaban dos personas pero s\u00f3lo portaban un casco.<\/p>\n\n\n\n<p>En la regi\u00f3n capital de Veracruz incrementaron los accidentes viales donde se vieron involucrados motociclistas y donde lamentablemente han dejado p\u00e9rdidas humanas.<\/p>\n","protected":false},"excerpt":{"rendered":"<p>Juan Arcos Xalapa, Ver.- Los accidentes mortales de motociclistas se han incrementado durante los \u00faltimos meses en distintos municipios de la regi\u00f3n capital del estado de Veracruz. Se han registrado casos en Xalapa, Coatepec, Banderilla y Xico, por mencionar algunos municipios de la zona. Un motociclista, de unos 28 a\u00f1os, muri\u00f3 tras impactarse contra un [&hellip;]<\/p>\n","protected":false},"author":2476,"featured_media":45319,"comment_status":"open","ping_status":"open","sticky":false,"template":"","format":"standard","meta":{"_jetpack_memberships_contains_paid_content":false,"footnotes":""},"categories":[2],"tags":[],"class_list":["post-45318","post","type-post","status-publish","format-standard","has-post-thumbnail","hentry","category-estado"],"jetpack_featured_media_url":"https:\/\/encuentroinformativo.com.mx\/wp-content\/uploads\/2023\/09\/IMG_5421.jpg","jetpack_sharing_enabled":true,"jetpack_likes_enabled":true,"amp_enabled":true,"_links":{"self":[{"href":"https:\/\/encuentroinformativo.com.mx\/index.php?rest_route=\/wp\/v2\/posts\/45318","targetHints":{"allow":["GET"]}}],"collection":[{"href":"https:\/\/encuentroinformativo.com.mx\/index.php?rest_route=\/wp\/v2\/posts"}],"about":[{"href":"https:\/\/encuentroinformativo.com.mx\/index.php?rest_route=\/wp\/v2\/types\/post"}],"author":[{"embeddable":true,"href":"https:\/\/encuentroinformativo.com.mx\/index.php?rest_route=\/wp\/v2\/users\/2476"}],"replies":[{"embeddable":true,"href":"https:\/\/encuentroinformativo.com.mx\/index.php?rest_route=%2Fwp%2Fv2%2Fcomments&post=45318"}],"version-history":[{"count":1,"href":"https:\/\/encuentroinformativo.com.mx\/index.php?rest_route=\/wp\/v2\/posts\/45318\/revisions"}],"predecessor-version":[{"id":45320,"href":"https:\/\/encuentroinformativo.com.mx\/index.php?rest_route=\/wp\/v2\/posts\/45318\/revisions\/45320"}],"wp:featuredmedia":[{"embeddable":true,"href":"https:\/\/encuentroinformativo.com.mx\/index.php?rest_route=\/wp\/v2\/media\/45319"}],"wp:attachment":[{"href":"https:\/\/encuentroinformativo.com.mx\/index.php?rest_route=%2Fwp%2Fv2%2Fmedia&parent=45318"}],"wp:term":[{"taxonomy":"category","embeddable":true,"href":"https:\/\/encuentroinformativo.com.mx\/index.php?rest_route=%2Fwp%2Fv2%2Fcategories&post=45318"},{"taxonomy":"post_tag","embeddable":true,"href":"https:\/\/encuentroinformativo.com.mx\/index.php?rest_route=%2Fwp%2Fv2%2Ftags&post=45318"}],"curies":[{"name":"wp","href":"https:\/\/api.w.org\/{rel}","templated":true}]}}