{"id":45335,"date":"2023-09-18T10:35:59","date_gmt":"2023-09-18T16:35:59","guid":{"rendered":"https:\/\/encuentroinformativo.com.mx\/?p=45335"},"modified":"2023-09-18T10:36:02","modified_gmt":"2023-09-18T16:36:02","slug":"sanciona-pma-a-veolia-y-asipona","status":"publish","type":"post","link":"https:\/\/encuentroinformativo.com.mx\/?p=45335","title":{"rendered":"Sanciona PMA a Veolia y ASIPONA"},"content":{"rendered":"\n<p><strong>Alejandro \u00c1vila<\/strong><\/p>\n\n\n\n<p>Veracruz, Ver.- El pasado 30 de agosto en sesi\u00f3n de Cabildo, el Ayuntamiento de Veracruz don\u00f3 el terreno del tiradero a cielo abierto que fue clausurado a la Procuradur\u00eda de Medio Ambiente (PMA).<\/p>\n\n\n\n<p>El titular de la dependencia estatal, Sergio Rodr\u00edguez Cort\u00e9s, destac\u00f3 que se hizo una multa de 8 millones de pesos a la empresa Veolia, la cual nunca realiz\u00f3 el Relleno Sanitario que prometi\u00f3 en contrato; adem\u00e1s, tambi\u00e9n fueron sancionadas diversas empresas de la actual ASIPONA.<\/p>\n\n\n\n<p>&#8220;A Veolia se le mult\u00f3 con m\u00e1s de 80 mil UMA&#8217;s, que son hoy en UMA&#8217;s, son m\u00e1s de ocho millones de pesos, pero tambi\u00e9n a las empresas, a las 21 filiales del API, pues fueron multas diversas dependiendo del tipo de residuos, del tiempo que tiraron, cada procedimiento contra las empresas fue diferente, cada una tiene un expediente, el monto total no lo tengo exactamente, hoy estamos, ya se licit\u00f3 la primera etapa, quiero decir tambi\u00e9n algo importante, no solo es el predio donde est\u00e1 la basura, sino que hay premios aleda\u00f1os propiedad de API, tambi\u00e9n esto fue un tema largo, porque se determinaron poligonales, en donde est\u00e1n los lixiviados que escurren, es decir, est\u00e1 la basura y el lixiviado, el fluido sale del terreno de propiedad de municipio. Entonces tambi\u00e9n se hicieron poligonales y se hizo un proyecto, y se van a construir alrededor de este tiradero, una serie de lagunas que se van a interconectar, ya con infraestructura para contener el lixiviado&#8221;, declar\u00f3.<\/p>\n\n\n\n<p>Sergio Rodr\u00edguez, dijo que dentro del proyecto se contempla tambi\u00e9n una Planta de Tratamiento en base a humedales, destacando tambi\u00e9n, la donaci\u00f3n de los terrenos poligonales por parte de la ASIPONA Veracruz.<\/p>\n\n\n\n<p>&#8220;La parte de la contenci\u00f3n de lixiviados es una inversi\u00f3n de, si no mal recuerdo 26, 27 millones de pesos, en donde se van a construir tres macro lagunas en donde se van a contener estos lixiviados, se va a hacer una Planta de Tratamiento en base a humedales ah\u00ed mismo en sitio, para estar tratando el agua y ya no se vaya al mar. Y la parte de lo que es el tiradero a cielo abierto se van a hacer otras horas de infraestructura, que esta ser\u00eda una segunda etapa, que esa todav\u00eda no la licitamos, vamos a presentar el proyecto en su momento ya que tenemos el predio, pero ser\u00eda la parte de los lixiviados, m\u00e1s la parte del basurero que hoy nos acaba de donar Veracruz&#8221;, subray\u00f3.<\/p>\n\n\n\n<p>Sergio Rodr\u00edguez dijo que la primera etapa ya fue licitada y fue asignada a una empresa el pasado 1 de agosto, la obra -contenci\u00f3n de lixiviados- asegur\u00f3 debe concluirse antes de que termine el mes de diciembre.<\/p>\n\n\n\n<p>&#8220;La segunda etapa es la m\u00e1s grande, que tiene que hacer la segunda etapa, compactar, hacer toda una tarea de infraestructura para tratar el gas, para sellar la basura para que no se siga filtrando los lixiviados, hacer unas canaletas de escurrimientos. Y bueno, tenemos que ver si se reforesta, si se le da alg\u00fan otro uso a esta zona, l\u00f3gicamente tiene que ser alg\u00fan uso en materia ambiental, todo esto estamos valor\u00e1ndolo&#8221;, culmin\u00f3.<\/p>\n","protected":false},"excerpt":{"rendered":"<p>Alejandro \u00c1vila Veracruz, Ver.- El pasado 30 de agosto en sesi\u00f3n de Cabildo, el Ayuntamiento de Veracruz don\u00f3 el terreno del tiradero a cielo abierto que fue clausurado a la Procuradur\u00eda de Medio Ambiente (PMA). El titular de la dependencia estatal, Sergio Rodr\u00edguez Cort\u00e9s, destac\u00f3 que se hizo una multa de 8 millones de pesos [&hellip;]<\/p>\n","protected":false},"author":2476,"featured_media":45336,"comment_status":"open","ping_status":"open","sticky":false,"template":"","format":"standard","meta":{"_jetpack_memberships_contains_paid_content":false,"footnotes":""},"categories":[2],"tags":[],"class_list":["post-45335","post","type-post","status-publish","format-standard","has-post-thumbnail","hentry","category-estado"],"jetpack_featured_media_url":"https:\/\/encuentroinformativo.com.mx\/wp-content\/uploads\/2023\/09\/IMG-20230918-WA0034.jpg","jetpack_sharing_enabled":true,"jetpack_likes_enabled":true,"amp_enabled":true,"_links":{"self":[{"href":"https:\/\/encuentroinformativo.com.mx\/index.php?rest_route=\/wp\/v2\/posts\/45335","targetHints":{"allow":["GET"]}}],"collection":[{"href":"https:\/\/encuentroinformativo.com.mx\/index.php?rest_route=\/wp\/v2\/posts"}],"about":[{"href":"https:\/\/encuentroinformativo.com.mx\/index.php?rest_route=\/wp\/v2\/types\/post"}],"author":[{"embeddable":true,"href":"https:\/\/encuentroinformativo.com.mx\/index.php?rest_route=\/wp\/v2\/users\/2476"}],"replies":[{"embeddable":true,"href":"https:\/\/encuentroinformativo.com.mx\/index.php?rest_route=%2Fwp%2Fv2%2Fcomments&post=45335"}],"version-history":[{"count":1,"href":"https:\/\/encuentroinformativo.com.mx\/index.php?rest_route=\/wp\/v2\/posts\/45335\/revisions"}],"predecessor-version":[{"id":45337,"href":"https:\/\/encuentroinformativo.com.mx\/index.php?rest_route=\/wp\/v2\/posts\/45335\/revisions\/45337"}],"wp:featuredmedia":[{"embeddable":true,"href":"https:\/\/encuentroinformativo.com.mx\/index.php?rest_route=\/wp\/v2\/media\/45336"}],"wp:attachment":[{"href":"https:\/\/encuentroinformativo.com.mx\/index.php?rest_route=%2Fwp%2Fv2%2Fmedia&parent=45335"}],"wp:term":[{"taxonomy":"category","embeddable":true,"href":"https:\/\/encuentroinformativo.com.mx\/index.php?rest_route=%2Fwp%2Fv2%2Fcategories&post=45335"},{"taxonomy":"post_tag","embeddable":true,"href":"https:\/\/encuentroinformativo.com.mx\/index.php?rest_route=%2Fwp%2Fv2%2Ftags&post=45335"}],"curies":[{"name":"wp","href":"https:\/\/api.w.org\/{rel}","templated":true}]}}