{"id":45348,"date":"2023-09-18T13:18:10","date_gmt":"2023-09-18T19:18:10","guid":{"rendered":"https:\/\/encuentroinformativo.com.mx\/?p=45348"},"modified":"2023-09-18T13:18:14","modified_gmt":"2023-09-18T19:18:14","slug":"crecen-cifras-de-alcoholismo-en-infantes-de-8-a-9-anos","status":"publish","type":"post","link":"https:\/\/encuentroinformativo.com.mx\/?p=45348","title":{"rendered":"Crecen cifras de alcoholismo en infantes de 8 a 9 a\u00f1os"},"content":{"rendered":"\n<p><strong>Juan Arcos <\/strong><\/p>\n\n\n\n<p>Xalapa, Ver.- El alcoholismo ha crecido durante los \u00faltimos a\u00f1os en la ciudad de Xalapa, pero tambi\u00e9n en toda la entidad veracruzana.<\/p>\n\n\n\n<p>De acuerdo con integrantes de la Central Mexicana de Alcoh\u00f3licos An\u00f3nimos en esta regi\u00f3n, hay ni\u00f1as y ni\u00f1os de ocho o nueve a\u00f1os que se han incorporado a los grupos para su rehabilitaci\u00f3n.<\/p>\n\n\n\n<p>&#8220;En la experiencia que he vivido, he visto j\u00f3venes de nueve u ocho a\u00f1os que ya est\u00e1n integrados a los grupos\u201d, comentaron.<\/p>\n\n\n\n<p>Adem\u00e1s, reci\u00e9n se ha detectado un aumento en los casos de mujeres j\u00f3venes y madres solteras que padecen un grave problema de alcoholismo.<\/p>\n\n\n\n<p>En conferencia de prensa, realizada en la ciudad de Xalapa, afirmaron que estas mujeres han logrado recuperarse de la enfermedad.<\/p>\n\n\n\n<p>\u201cLogran recuperarse, indiscutiblemente, por eso es el impacto que estamos dando porque Alcoh\u00f3licos An\u00f3nimos ha salvado millones de familias y las mujeres no son la excepci\u00f3n\u201d.<\/p>\n\n\n\n<p>Se estima que cada a\u00f1o increment\u00f3 hasta 14 por ciento el alcoholismo en el estado de Veracruz, sobre todo en j\u00f3venes menores de 21 a\u00f1os.<\/p>\n\n\n\n<p>\u201cUna encuesta interna efectuada en 2020, solamente el 21 por ciento de un total es de mujeres, pero en Veracruz es muy poco el porcentaje, solamente el siete por ciento de mujeres est\u00e1n en nuestros grupos. A un var\u00f3n le cuesta trabajo admitir que tienen problema pero al parecer a las mujeres les cuesta m\u00e1s trabajo\u201d.<\/p>\n\n\n\n<p>Durante la rueda de prensa tambi\u00e9n dieron a conocer que del 18 al 24 de septiembre se llevar\u00eda a cabo la onceava Semana Nacional de Alcoh\u00f3licos An\u00f3nimos para los J\u00f3venes.<\/p>\n\n\n\n<p>Lo anterior para sensibilizar y concientizar a este importante sector juvenil sobre las consecuencias directas e indirectas de la enfermedad del alcoholismo y ofrecer la alternativa de recuperaci\u00f3n.<\/p>\n\n\n\n<p>Los interesados pueden comunicarse a trav\u00e9s del n\u00famero telef\u00f3nico 228 814 3719 y el correo electr\u00f3nico\u00a0<a rel=\"noreferrer noopener\" href=\"mailto:area46@aamexico.org.mx\" target=\"_blank\">area46@aamexico.org.mx<\/a>.<\/p>\n","protected":false},"excerpt":{"rendered":"<p>Juan Arcos Xalapa, Ver.- El alcoholismo ha crecido durante los \u00faltimos a\u00f1os en la ciudad de Xalapa, pero tambi\u00e9n en toda la entidad veracruzana. De acuerdo con integrantes de la Central Mexicana de Alcoh\u00f3licos An\u00f3nimos en esta regi\u00f3n, hay ni\u00f1as y ni\u00f1os de ocho o nueve a\u00f1os que se han incorporado a los grupos para [&hellip;]<\/p>\n","protected":false},"author":2476,"featured_media":45349,"comment_status":"open","ping_status":"open","sticky":false,"template":"","format":"standard","meta":{"_jetpack_memberships_contains_paid_content":false,"footnotes":""},"categories":[9],"tags":[],"class_list":["post-45348","post","type-post","status-publish","format-standard","has-post-thumbnail","hentry","category-salud"],"jetpack_featured_media_url":"https:\/\/encuentroinformativo.com.mx\/wp-content\/uploads\/2023\/09\/IMG_6736.jpg","jetpack_sharing_enabled":true,"jetpack_likes_enabled":true,"amp_enabled":true,"_links":{"self":[{"href":"https:\/\/encuentroinformativo.com.mx\/index.php?rest_route=\/wp\/v2\/posts\/45348","targetHints":{"allow":["GET"]}}],"collection":[{"href":"https:\/\/encuentroinformativo.com.mx\/index.php?rest_route=\/wp\/v2\/posts"}],"about":[{"href":"https:\/\/encuentroinformativo.com.mx\/index.php?rest_route=\/wp\/v2\/types\/post"}],"author":[{"embeddable":true,"href":"https:\/\/encuentroinformativo.com.mx\/index.php?rest_route=\/wp\/v2\/users\/2476"}],"replies":[{"embeddable":true,"href":"https:\/\/encuentroinformativo.com.mx\/index.php?rest_route=%2Fwp%2Fv2%2Fcomments&post=45348"}],"version-history":[{"count":1,"href":"https:\/\/encuentroinformativo.com.mx\/index.php?rest_route=\/wp\/v2\/posts\/45348\/revisions"}],"predecessor-version":[{"id":45350,"href":"https:\/\/encuentroinformativo.com.mx\/index.php?rest_route=\/wp\/v2\/posts\/45348\/revisions\/45350"}],"wp:featuredmedia":[{"embeddable":true,"href":"https:\/\/encuentroinformativo.com.mx\/index.php?rest_route=\/wp\/v2\/media\/45349"}],"wp:attachment":[{"href":"https:\/\/encuentroinformativo.com.mx\/index.php?rest_route=%2Fwp%2Fv2%2Fmedia&parent=45348"}],"wp:term":[{"taxonomy":"category","embeddable":true,"href":"https:\/\/encuentroinformativo.com.mx\/index.php?rest_route=%2Fwp%2Fv2%2Fcategories&post=45348"},{"taxonomy":"post_tag","embeddable":true,"href":"https:\/\/encuentroinformativo.com.mx\/index.php?rest_route=%2Fwp%2Fv2%2Ftags&post=45348"}],"curies":[{"name":"wp","href":"https:\/\/api.w.org\/{rel}","templated":true}]}}