{"id":45351,"date":"2023-09-18T13:55:17","date_gmt":"2023-09-18T19:55:17","guid":{"rendered":"https:\/\/encuentroinformativo.com.mx\/?p=45351"},"modified":"2023-09-18T13:55:22","modified_gmt":"2023-09-18T19:55:22","slug":"delegado-de-bienestar-espera-convocatoria-de-morena-para-apuntarse","status":"publish","type":"post","link":"https:\/\/encuentroinformativo.com.mx\/?p=45351","title":{"rendered":"Delegado de Bienestar espera convocatoria de Morena para apuntarse"},"content":{"rendered":"\n<p><strong>Dar\u00edo Pale <\/strong><\/p>\n\n\n\n<p>Xalapa, Ver.- Va a esperar a que se publique la convocatoria de Morena para conocer los t\u00e9rminos para participar como Coordinador Estatal de la Defensa de la Cuarta Transformaci\u00f3n y determinar si se separa del cargo, as\u00ed lo inform\u00f3 el delegado de de los programas federales del Bienestar, Manuel Huerta Ladr\u00f3n de Guevara.<\/p>\n\n\n\n<p>En conferencia de prensa el funcionario federal acot\u00f3 que a un cargo no se renuncia, sino que es el presidente de la Rep\u00fablica el que decide si los funcionarios contin\u00faan en su cargo o no.<\/p>\n\n\n\n<p>&#8220;En un gobierno, a un presidente, no cualquiera le puede renunciar, a un presidente como Andr\u00e9s no se le renuncia, si acaso cuando alguien sale de gobierno es porque \u00e9l le pide la renuncia. En mi caso, yo ya dije, no me van a poder evitar, traigo las experiencias y las capacidades&#8221;, se\u00f1al\u00f3.<\/p>\n\n\n\n<p>El delegado expuso que &#8220;bajo cualquier circunstancia vamos a procurar estar registrado, digo que bajo cualquier circunstancia, porque ustedes saben que hay quienes celebran que no se pidan las renuncias&#8221;.\u00a0<\/p>\n\n\n\n<p>Sin embargo, dijo que en su caso tiene que hacer ponderaciones, &#8220;estoy diciendo que voy a hacer la valoraci\u00f3n moral y \u00e9tica&#8221;.\u00a0<\/p>\n\n\n\n<p>Por ello, manifest\u00f3 que no hay que comer ansias. Adem\u00e1s, recomend\u00f3 a quienes se quieran inscribir a que act\u00faen con principios program\u00e1ticos filos\u00f3ficos del Movimiento.\u00a0<\/p>\n\n\n\n<p>&#8220;Estoy muy atento a que no vayan a querer hacer cosas que no se deben, que est\u00e1n fuera de la ley, que quieran echar cargada, a andar rociando las paredes, que no vayan a pensar que los aparatos se van a manejar para favorecer a alguien en especial&#8221;, coment\u00f3.<\/p>\n\n\n\n<p>Con relaci\u00f3n a si Roc\u00edo Nahle resulta ganadora en las encuestas internas o cualquier otro aspirante y si aceptar\u00eda ser coordinador de campa\u00f1a u otro cargo, respondi\u00f3: &#8220;de Roc\u00edo, de Sergio (Guti\u00e9rrez Luna), de los que se apunten, lo que decida el pueblo siempre lo voy a respetar, pero tambi\u00e9n va a ser viceversa, porque sabemos que nos va a ir bien, y al irnos bien, los dem\u00e1s tambi\u00e9n deben cumplir ese hecho, respaldar su palabra y su compromiso. Respeto mucho a Roc\u00edo, Roc\u00edo lo ha dicho, el que gane, lo vamos a apoyar, vamos a trabajar, somos iguales en ese sentido, nadie que va a estar tirando para el monte&#8221;.\u00a0<\/p>\n\n\n\n<p>Finalmente, Manuel Huerta tambi\u00e9n confi\u00f3 en que no haya cargada a favor de alguno de los aspirantes en la contienda interna.<\/p>\n","protected":false},"excerpt":{"rendered":"<p>Dar\u00edo Pale Xalapa, Ver.- Va a esperar a que se publique la convocatoria de Morena para conocer los t\u00e9rminos para participar como Coordinador Estatal de la Defensa de la Cuarta Transformaci\u00f3n y determinar si se separa del cargo, as\u00ed lo inform\u00f3 el delegado de de los programas federales del Bienestar, Manuel Huerta Ladr\u00f3n de Guevara. [&hellip;]<\/p>\n","protected":false},"author":2476,"featured_media":40901,"comment_status":"open","ping_status":"open","sticky":false,"template":"","format":"standard","meta":{"_jetpack_memberships_contains_paid_content":false,"footnotes":""},"categories":[2],"tags":[],"class_list":["post-45351","post","type-post","status-publish","format-standard","has-post-thumbnail","hentry","category-estado"],"jetpack_featured_media_url":"https:\/\/encuentroinformativo.com.mx\/wp-content\/uploads\/2023\/05\/IMG-20230520-WA0093.jpg","jetpack_sharing_enabled":true,"jetpack_likes_enabled":true,"amp_enabled":true,"_links":{"self":[{"href":"https:\/\/encuentroinformativo.com.mx\/index.php?rest_route=\/wp\/v2\/posts\/45351","targetHints":{"allow":["GET"]}}],"collection":[{"href":"https:\/\/encuentroinformativo.com.mx\/index.php?rest_route=\/wp\/v2\/posts"}],"about":[{"href":"https:\/\/encuentroinformativo.com.mx\/index.php?rest_route=\/wp\/v2\/types\/post"}],"author":[{"embeddable":true,"href":"https:\/\/encuentroinformativo.com.mx\/index.php?rest_route=\/wp\/v2\/users\/2476"}],"replies":[{"embeddable":true,"href":"https:\/\/encuentroinformativo.com.mx\/index.php?rest_route=%2Fwp%2Fv2%2Fcomments&post=45351"}],"version-history":[{"count":1,"href":"https:\/\/encuentroinformativo.com.mx\/index.php?rest_route=\/wp\/v2\/posts\/45351\/revisions"}],"predecessor-version":[{"id":45352,"href":"https:\/\/encuentroinformativo.com.mx\/index.php?rest_route=\/wp\/v2\/posts\/45351\/revisions\/45352"}],"wp:featuredmedia":[{"embeddable":true,"href":"https:\/\/encuentroinformativo.com.mx\/index.php?rest_route=\/wp\/v2\/media\/40901"}],"wp:attachment":[{"href":"https:\/\/encuentroinformativo.com.mx\/index.php?rest_route=%2Fwp%2Fv2%2Fmedia&parent=45351"}],"wp:term":[{"taxonomy":"category","embeddable":true,"href":"https:\/\/encuentroinformativo.com.mx\/index.php?rest_route=%2Fwp%2Fv2%2Fcategories&post=45351"},{"taxonomy":"post_tag","embeddable":true,"href":"https:\/\/encuentroinformativo.com.mx\/index.php?rest_route=%2Fwp%2Fv2%2Ftags&post=45351"}],"curies":[{"name":"wp","href":"https:\/\/api.w.org\/{rel}","templated":true}]}}