{"id":45353,"date":"2023-09-18T14:00:49","date_gmt":"2023-09-18T20:00:49","guid":{"rendered":"https:\/\/encuentroinformativo.com.mx\/?p=45353"},"modified":"2023-09-18T14:00:53","modified_gmt":"2023-09-18T20:00:53","slug":"padres-responsables-de-muerte-de-menor-de-4-anos-en-cordoba-confirma-gobernador","status":"publish","type":"post","link":"https:\/\/encuentroinformativo.com.mx\/?p=45353","title":{"rendered":"Padres responsables de muerte de menor de 4 a\u00f1os en C\u00f3rdoba, confirma Gobernador"},"content":{"rendered":"\n<p><strong>Dar\u00edo Pale <\/strong><\/p>\n\n\n\n<p>Xalapa, Ver.- El Ni\u00f1o de 4 a\u00f1os fue asesinado por sus padres, en C\u00f3rdoba, as\u00ed lo confirm\u00f3 el gobernador Cuitl\u00e1huac Garc\u00eda Jim\u00e9nez,\u00a0<br>En conferencia de prensa, revel\u00f3 que fue la propia familia quien asesin\u00f3 al peque\u00f1o, en el marco de una ri\u00f1a entre los padres, seg\u00fan las primeras investigaciones as\u00ed lo se\u00f1alan.<\/p>\n\n\n\n<p>Expres\u00f3 que este lunes se registr\u00f3 el &#8220;triste&#8221; homicidio en el municipio de C\u00f3rdoba, &#8220;lamentable al interior de una vivienda, una familia se pelea y el que sufre es el menor de cuatro a\u00f1os&#8221;.<\/p>\n\n\n\n<p>&#8220;Imag\u00ednense, ultimado por la propia familia, es muy triste, no voy a dar los nombres porque son ni\u00f1os de los que estamos hablando&#8221;, se\u00f1al\u00f3.<\/p>\n\n\n\n<p>Coment\u00f3 que frente a la ruptura de los lazos familiares, se deben buscar alternativas con la comunidad y se vea otra manera de resolver los problemas entre las familias.<\/p>\n\n\n\n<p>Los hechos se registraron en el fraccionamiento Praderas de San Miguelito, en el municipio de C\u00f3rdoba.<\/p>\n\n\n\n<p>Con base en versiones de testigos, los padres del menor discut\u00edan fuertemente en presencia del menor y familiares.<\/p>\n\n\n\n<p>Por \u00faltimo cabe se\u00f1alar que, el peque\u00f1o present\u00f3 una lesi\u00f3n en el cuello, pero no se sabe qu\u00e9 fue lo que sucedi\u00f3 exactamente.<\/p>\n","protected":false},"excerpt":{"rendered":"<p>Dar\u00edo Pale Xalapa, Ver.- El Ni\u00f1o de 4 a\u00f1os fue asesinado por sus padres, en C\u00f3rdoba, as\u00ed lo confirm\u00f3 el gobernador Cuitl\u00e1huac Garc\u00eda Jim\u00e9nez,\u00a0En conferencia de prensa, revel\u00f3 que fue la propia familia quien asesin\u00f3 al peque\u00f1o, en el marco de una ri\u00f1a entre los padres, seg\u00fan las primeras investigaciones as\u00ed lo se\u00f1alan. Expres\u00f3 que [&hellip;]<\/p>\n","protected":false},"author":2476,"featured_media":45354,"comment_status":"open","ping_status":"open","sticky":false,"template":"","format":"standard","meta":{"_jetpack_memberships_contains_paid_content":false,"footnotes":""},"categories":[2],"tags":[],"class_list":["post-45353","post","type-post","status-publish","format-standard","has-post-thumbnail","hentry","category-estado"],"jetpack_featured_media_url":"https:\/\/encuentroinformativo.com.mx\/wp-content\/uploads\/2023\/09\/IMG-20230918-WA00542.jpg","jetpack_sharing_enabled":true,"jetpack_likes_enabled":true,"amp_enabled":true,"_links":{"self":[{"href":"https:\/\/encuentroinformativo.com.mx\/index.php?rest_route=\/wp\/v2\/posts\/45353","targetHints":{"allow":["GET"]}}],"collection":[{"href":"https:\/\/encuentroinformativo.com.mx\/index.php?rest_route=\/wp\/v2\/posts"}],"about":[{"href":"https:\/\/encuentroinformativo.com.mx\/index.php?rest_route=\/wp\/v2\/types\/post"}],"author":[{"embeddable":true,"href":"https:\/\/encuentroinformativo.com.mx\/index.php?rest_route=\/wp\/v2\/users\/2476"}],"replies":[{"embeddable":true,"href":"https:\/\/encuentroinformativo.com.mx\/index.php?rest_route=%2Fwp%2Fv2%2Fcomments&post=45353"}],"version-history":[{"count":1,"href":"https:\/\/encuentroinformativo.com.mx\/index.php?rest_route=\/wp\/v2\/posts\/45353\/revisions"}],"predecessor-version":[{"id":45355,"href":"https:\/\/encuentroinformativo.com.mx\/index.php?rest_route=\/wp\/v2\/posts\/45353\/revisions\/45355"}],"wp:featuredmedia":[{"embeddable":true,"href":"https:\/\/encuentroinformativo.com.mx\/index.php?rest_route=\/wp\/v2\/media\/45354"}],"wp:attachment":[{"href":"https:\/\/encuentroinformativo.com.mx\/index.php?rest_route=%2Fwp%2Fv2%2Fmedia&parent=45353"}],"wp:term":[{"taxonomy":"category","embeddable":true,"href":"https:\/\/encuentroinformativo.com.mx\/index.php?rest_route=%2Fwp%2Fv2%2Fcategories&post=45353"},{"taxonomy":"post_tag","embeddable":true,"href":"https:\/\/encuentroinformativo.com.mx\/index.php?rest_route=%2Fwp%2Fv2%2Ftags&post=45353"}],"curies":[{"name":"wp","href":"https:\/\/api.w.org\/{rel}","templated":true}]}}