{"id":45372,"date":"2023-09-19T09:37:00","date_gmt":"2023-09-19T15:37:00","guid":{"rendered":"https:\/\/encuentroinformativo.com.mx\/?p=45372"},"modified":"2023-09-19T09:37:04","modified_gmt":"2023-09-19T15:37:04","slug":"los-marcianitos-del-congreso","status":"publish","type":"post","link":"https:\/\/encuentroinformativo.com.mx\/?p=45372","title":{"rendered":"LOS MARCIANITOS DEL CONGRESO"},"content":{"rendered":"\n<p><strong>ColumnaSinNombre<br>@pablojair<\/strong><\/p>\n\n\n\n<ul class=\"wp-block-list\"><li>Lo que pidi\u00f3 el gobernador Cuitl\u00e1huac a su gabinete.<\/li><li>El Tren Interoce\u00e1nico hizo bastante ruido.<\/li><li>Le est\u00e1n desmantelando la boutique al T\u00edo Dante.<\/li><li>Y lo que dice Galv\u00e1n Ochoa.<\/li><\/ul>\n\n\n\n<p>Que todav\u00eda no sale la convocatoria, no se aceleren, vatos<br>&#8211;Chopenjawer<\/p>\n\n\n\n<p>Lo que no ha parado de ser pitorreo a nivel nacional fue la ocurrencia de llevar al experto en el tema OVNI, Jaime Maussan, a la C\u00e1mara de Diputados.<\/p>\n\n\n\n<p>En lo personal, creo que efectivamente mucha gente cree en lo sobrenatural y en Veracruz somos expertos para hablar de los nahuales que andan por la azotea y se van transformando; de los chaneques que perdieron a un primo en el monte cuando era chiquito (no presto nada); de la Llorona que alguien escuch\u00f3 en la calle o los poderosos brujos de Catemaco; de las luces en el mont\u00edculo donde estaban los gemelos en San Lorenzo Tenochtitl\u00e1n o hasta los ovnis de Chavarrillo.<\/p>\n\n\n\n<p>Veracruz est\u00e1 precisamente lleno de eso: de leyendas. Todos los pueblos tienen casas embrujadas, historias de fantasmas, de ni\u00f1os que juegan en el pante\u00f3n. Son parte del folklore y esto se acrecienta cuando llega el tan gustado D\u00eda de Muertos, donde todo mundo se maquilla de catrinas, catrinos y catrenes.<\/p>\n\n\n\n<p>Ac\u00e1 en Coatepec, por ejemplo, es muy com\u00fan la historia de que los millonarios hicieron un pacto con el pituche y de ah\u00ed surgieron fortunas inmensas como la de las familias Murrieta o Mata. En Acayucan dec\u00edan, por ejemplo, que hab\u00eda un &#8220;gal\u00e1ctico&#8221;.<\/p>\n\n\n\n<p>En un plan m\u00e1s serio, al cient\u00edfico y divulgador de ciencia m\u00e1s popular del siglo pasado, Carl Sagan, le atribuyen este dicho: &#8220;El universo es un sitio bastante amplio. Si solo estamos nosotros, me parecer\u00eda un aut\u00e9ntico desperdicio de espacio&#8221;. Esa frase la escuch\u00e9 tambi\u00e9n en la pel\u00edcula (de mis favoritas de todos los tiempos, con una Jodie Foster que todav\u00eda no se decid\u00eda a salir del closet) llamada &#8220;Contacto&#8221;, que habla precisamente de la posibilidad de que existan una o varias civilizaciones en eso que llaman el vasto universo.<\/p>\n\n\n\n<p>Otra de mis favoritas sobre ese tipo de teor\u00edas del espacio-tiempo es &#8220;Interestelar&#8221;, de Christopher Nolan, que me parece una de las pel\u00edculas m\u00e1s emotivas y mejor hechas, casi prediciendo lo inevitable: la extinci\u00f3n de la raza humana en el futuro y su b\u00fasqueda para sobrevivir en otros planetas.<\/p>\n\n\n\n<p>La comadre Trinidad y su servilleta, por ejemplo, estamos harto influenciados por los X-Files, que coincidimos formaron parte de nuestra formaci\u00f3n.<\/p>\n\n\n\n<p>En fin, son bien respetables las creencias de cada quien.<\/p>\n\n\n\n<p>Pero de eso a llevar a Jaime Maussan a la C\u00e1mara de Diputados, la neta era para chunga, papi.<\/p>\n\n\n\n<p>Mire, hace unos a\u00f1os nos toc\u00f3 entrevistarlo en Coatzacoalcos en el programa de chacota noticiosa llamado &#8220;La Noticia en el Caf\u00e9&#8221;, en OlmecaTV; y lo llevaron los mismos de la ocurrencia de invitarlo al Congreso de la Uni\u00f3n.<\/p>\n\n\n\n<p>Es curioso, pero en aquella ocasi\u00f3n el maestro C\u00e9sar V\u00e1zquez Chagoya, l\u00edder del programa (abrazote al cielo, patr\u00f3n), estaba renuente a entrevistar al pol\u00e9mico estudioso de los extraterrestres porque sencillamente no cre\u00eda que fuese un tema serio.<\/p>\n\n\n\n<p>Maussan lleg\u00f3 sencillo, en taxi. Muy callado. Antes de entrar a cuadro estuvo caminando un ratito as\u00ed como meditabundo, con las manos en la espalda. Hac\u00eda recordar a Pap\u00e1 Pitufo cuando se pon\u00eda a reflexionar dentro de su casa-champi\u00f1\u00f3n.<\/p>\n\n\n\n<p>Recuerdo que Chagoya estaba as\u00ed con jeta de &#8220;\u00bfY qu\u00e9 chingaos le vamos a preguntar a este cabr\u00f3n?&#8221;.<\/p>\n\n\n\n<p>Al final de cuentas, era s\u00f3lo para promocionar su conferencia en Coatzacoalcos, pero hab\u00eda que preguntarle algo. Por ah\u00ed alguien se acord\u00f3 que estuvo en la versi\u00f3n &#8220;mexinaca&#8221; de 60 Minutos, que era de los programas de periodismo de investigaci\u00f3n de la \u00e9poca ochentera\u2026<\/p>\n\n\n\n<p>Y que se suelta a hablar un Maussan que no conoc\u00edamos: habl\u00f3 de la situaci\u00f3n de riesgo para el periodismo en M\u00e9xico, del asesinato de Manuel Buend\u00eda y sus columnas que hablaron sobre la intervenci\u00f3n de la CIA en M\u00e9xico o de los narco-pol\u00edticos de la \u00e9poca. Hasta el maestro se qued\u00f3 as\u00ed con cara &#8220;Anu-maaaaa&#8221; y le reconoci\u00f3 que era un hombre muy informado en temas como el de seguridad.<\/p>\n\n\n\n<p>Al final de cuentas no todo fueron OVNIS, sino que vimos al Maussan periodista que pocos conocen.<\/p>\n\n\n\n<p>El otro Maussan es el que vimos hace poco enojado, tratando de defender lo indefendible: que los marcianitos que presentaron en el Congreso son falsos y que todo mundo lo tach\u00f3 de rid\u00edculo.<\/p>\n\n\n\n<p>Y ya sabe, el mexicano se pinta solo para ser castroso: ya salieron los &#8220;tamaliens&#8221;, los pasteles en forma del extraterrestre, memes de todos los colores, sabores y formas.<\/p>\n\n\n\n<p>Se entiende que el Congreso de la Uni\u00f3n es casa de pueblo, pero pues tambi\u00e9n creo deben medirse los escenarios para hacer presentaciones de esa naturaleza y m\u00e1s si se quiere involucrar a instituciones serias como la UNAM.<\/p>\n\n\n\n<p>Pero no hay que echarle la culpa a Maussan, sino al que lo llev\u00f3 al Congreso en aras de tener reflectores.<\/p>\n\n\n\n<p>Y s\u00ed: &#8220;Chequito&#8221; Guti\u00e9rrez tuvo la culpa por querer sus 15 minutos de fama y likes, muy desperdiciados, tratando de aclarar o justificar el teatro armado en San L\u00e1zaro que s\u00f3lo caus\u00f3 burlas.<\/p>\n\n\n\n<p>Mire, no es la primera vez que le salen mal las cosas a &#8220;Chequito&#8221;. La vez pasada hasta sus cercanos estaban pasmados cuando luego de organizar un buen evento para reconocer a veracruzanos destacados, tuvo el desatino de hacer la payasada de jugar una cascarita entre las curules para subir un video &#8220;chistoso&#8221; a redes sociales.<\/p>\n\n\n\n<p>&#8220;Hab\u00eda salido todo tan bien y sali\u00f3 con su batea de babas al final&#8221;, me coment\u00f3 un cercano colaborador.<\/p>\n\n\n\n<p>Pero bueno, al final de cuentas esto se trata de algo m\u00e1s c\u00f3smico. Algo que no deber\u00eda perderse entre la inmensidad de las chaquetas mentales de un lun\u00e1tico.<\/p>\n\n\n\n<p>O sea, carnales, la neta, la verdad est\u00e1 all\u00e1 afuera y Mulder no estaba loco: siempre tuvo la raz\u00f3n.<\/p>\n\n\n\n<p><strong>NOTA PARA PEGAR EN EL REFRI: <\/strong>Lo que pidi\u00f3 el g\u00f3ber Cuitl\u00e1huac a sus colaboradores en la reuni\u00f3n que tuvo este lunes por la noche, en vista del futuro cercano que ya acecha: &#8220;Cerrar el gobierno con todo, sin distraerse y convocando a la unidad. Organizarse para cerrar bien la administraci\u00f3n&#8221;, pero sobre todo: &#8220;No pelearse entre compa\u00f1eros&#8221;\u2026 El que entendi\u00f3, entendi\u00f3.<\/p>\n\n\n\n<p><strong>OTRA NOTA: <\/strong>Como ya hab\u00edamos comentado en esta, su columna favorita, el Tren Interoc\u00e9anico ya caus\u00f3 mucha expectaci\u00f3n en su recorrido de prueba desde Salina Cruz hasta Coatzacoalcos. La neta, no es para que diga uno, &#8220;joder, qu\u00e9 destinos tan paradisiacos para visitar&#8221;, pero ya la sola experiencia de viajar en tren creo es algo que muchos est\u00e1n esperando hacer para no tener que ir hasta &#8220;El Chepe&#8221; que se mueve en tierra de narcos o hasta Europa\u2026 Ya varios andan preguntando como de cu\u00e1nto ser\u00e1 el boleto y comentaba este lunes en radio y videocolumna: a la de a wi-wi tiene que costar menos que el pasaje en cami\u00f3n, que anda entre los 500 y 600 varos. A ver con qu\u00e9 nos sorprenden en diciembre cuando ya se pueda subir la banda.<\/p>\n\n\n\n<p><strong>OTRA NOTA EXTRA:<\/strong> Que tambi\u00e9n en el estado de Guerrero ya se le andan rebelando las huestes al T\u00edo Dante Delgado. Seg\u00fan medios nacionales, renunciaron unos 100 militantes y l\u00edderes de Movimiento Ciudadano (MC), aunque ya sabe, tambi\u00e9n es un deporte de la pol\u00edtica eso de los &#8220;l\u00edderes&#8221; que dicen representar algo y no representan nada ni a nadie\u2026 Lo que llama la atenci\u00f3n es que es un estado donde MC ten\u00eda buena representaci\u00f3n en el pasado y al parecer los del PRIANRD han optado por desmantelar su estructura para ver si ganan algo en apoyo ciudadano.<\/p>\n\n\n\n<p><strong>LA \u00daLTIMA PORQUE &#8220;VOA-SO\u00d1\u00c1&#8221; BONITO LUEGO DE UN CAF\u00c9 EN DON JUSTO: <\/strong>Lo dice el reconocido columnista de La Jornada, Enrique Galv\u00e1n Ochoa: &#8220;El Movimiento Ciudadano no va a apoyar a X\u00f3chitl G\u00e1lvez. Los 3 Magn\u00edficos \u2013el huev\u00f3n, el ratero y el pendejo, seg\u00fan su descripci\u00f3n\u2013 fueron a Monterrey a echarle bronca al gobernador Samuel Garc\u00eda y cerraron las puertas a cualquier entendimiento. Son 3 mil millones de pesos los que recibir\u00e1n en conjunto como subsidio del INE y no necesitan ayuda para administrarlos. Ya transcurri\u00f3 un mes desde su destape oficial y X\u00f3chitl no crece en apoyo ciudadano&#8221;.<\/p>\n","protected":false},"excerpt":{"rendered":"<p>ColumnaSinNombre@pablojair Lo que pidi\u00f3 el gobernador Cuitl\u00e1huac a su gabinete. El Tren Interoce\u00e1nico hizo bastante ruido. Le est\u00e1n desmantelando la boutique al T\u00edo Dante. Y lo que dice Galv\u00e1n Ochoa. Que todav\u00eda no sale la convocatoria, no se aceleren, vatos&#8211;Chopenjawer Lo que no ha parado de ser pitorreo a nivel nacional fue la ocurrencia de [&hellip;]<\/p>\n","protected":false},"author":2476,"featured_media":488,"comment_status":"open","ping_status":"open","sticky":false,"template":"","format":"standard","meta":{"_jetpack_memberships_contains_paid_content":false,"footnotes":""},"categories":[11],"tags":[],"class_list":["post-45372","post","type-post","status-publish","format-standard","has-post-thumbnail","hentry","category-opinion"],"jetpack_featured_media_url":"https:\/\/encuentroinformativo.com.mx\/wp-content\/uploads\/2020\/03\/F471F608-BA1A-416B-BA7B-BCFB24F4E6D0.jpeg","jetpack_sharing_enabled":true,"jetpack_likes_enabled":true,"amp_enabled":true,"_links":{"self":[{"href":"https:\/\/encuentroinformativo.com.mx\/index.php?rest_route=\/wp\/v2\/posts\/45372","targetHints":{"allow":["GET"]}}],"collection":[{"href":"https:\/\/encuentroinformativo.com.mx\/index.php?rest_route=\/wp\/v2\/posts"}],"about":[{"href":"https:\/\/encuentroinformativo.com.mx\/index.php?rest_route=\/wp\/v2\/types\/post"}],"author":[{"embeddable":true,"href":"https:\/\/encuentroinformativo.com.mx\/index.php?rest_route=\/wp\/v2\/users\/2476"}],"replies":[{"embeddable":true,"href":"https:\/\/encuentroinformativo.com.mx\/index.php?rest_route=%2Fwp%2Fv2%2Fcomments&post=45372"}],"version-history":[{"count":1,"href":"https:\/\/encuentroinformativo.com.mx\/index.php?rest_route=\/wp\/v2\/posts\/45372\/revisions"}],"predecessor-version":[{"id":45373,"href":"https:\/\/encuentroinformativo.com.mx\/index.php?rest_route=\/wp\/v2\/posts\/45372\/revisions\/45373"}],"wp:featuredmedia":[{"embeddable":true,"href":"https:\/\/encuentroinformativo.com.mx\/index.php?rest_route=\/wp\/v2\/media\/488"}],"wp:attachment":[{"href":"https:\/\/encuentroinformativo.com.mx\/index.php?rest_route=%2Fwp%2Fv2%2Fmedia&parent=45372"}],"wp:term":[{"taxonomy":"category","embeddable":true,"href":"https:\/\/encuentroinformativo.com.mx\/index.php?rest_route=%2Fwp%2Fv2%2Fcategories&post=45372"},{"taxonomy":"post_tag","embeddable":true,"href":"https:\/\/encuentroinformativo.com.mx\/index.php?rest_route=%2Fwp%2Fv2%2Ftags&post=45372"}],"curies":[{"name":"wp","href":"https:\/\/api.w.org\/{rel}","templated":true}]}}