{"id":45377,"date":"2023-09-19T09:52:07","date_gmt":"2023-09-19T15:52:07","guid":{"rendered":"https:\/\/encuentroinformativo.com.mx\/?p=45377"},"modified":"2023-09-19T09:52:13","modified_gmt":"2023-09-19T15:52:13","slug":"reporta-salud-mas-de-3-mil-casos-de-dengue-en-veracruz-y-4-fallecidos","status":"publish","type":"post","link":"https:\/\/encuentroinformativo.com.mx\/?p=45377","title":{"rendered":"Reporta Salud m\u00e1s de 3 mil casos de dengue en Veracruz y 4 fallecidos"},"content":{"rendered":"\n<p><strong>Dar\u00edo Pale <\/strong><\/p>\n\n\n\n<p>Xalapa, Ver.- La encargada de despacho de la Secretar\u00eda de Salud, Guadalupe D\u00edaz del Castillo Flores, dio a conocer que hasta el momento se han reportado al sector salud 3 mil 554 casos de dengue a nivel estatal as\u00ed como 4 fallecimientos. \u00a0<\/p>\n\n\n\n<p>En entrevista previa a la conmemoraci\u00f3n del &#8220;D\u00eda Nacional de la Protecci\u00f3n Civil&#8221;, coment\u00f3 que est\u00e1 por iniciar la campa\u00f1a de vacunaci\u00f3n contra la influenza ante la cercan\u00eda de la temporada invernal, record\u00f3 que cada a\u00f1o esta vacuna cambia su composici\u00f3n por lo que es importante volver a aplicarse aunque se haya hecho a principios de este mismo a\u00f1o.\u00a0<\/p>\n\n\n\n<p>Se\u00f1al\u00f3 que en esta misma campa\u00f1a podr\u00eda incluirse \u00a0la inoculaci\u00f3n contra el coronavirus; se comenzar\u00e1 \u00a0a mediados de octubre.\u00a0<\/p>\n\n\n\n<p>&#8220;Estamos esperando indicaciones del nivel federal para que veamos la compatibilidad entre vacunas y se lleve a cabo la vacunaci\u00f3n de lo que corresponde al periodo invernal\u201d, se\u00f1al\u00f3.<\/p>\n\n\n\n<p>La servidora p\u00fablica coment\u00f3 que, al recibir las indicaciones de la instancia federal, se ejecutar\u00e1 el plan de gesti\u00f3n contra el COVID19 a largo plazo, es decir, quedar\u00e1n definidos los procesos de manera permanente para cada periodo invernal.\u00a0<\/p>\n\n\n\n<p>Asimismo record\u00f3 que la jornada de vacunaci\u00f3n es de octubre a marzo, \u201cy es muy importante que que lo hagan lo antes posible\u201d.\u00a0<\/p>\n\n\n\n<p>Afirm\u00f3 que habr\u00e1 biol\u00f3gicos disponibles para toda la poblaci\u00f3n que lo requiera a trav\u00e9s del centro de salud que les corresponda, aunque no especific\u00f3 la cantidad de unidades.\u00a0<\/p>\n\n\n\n<p>En otro orden de ideas, cuestionada respecto a los brotes de dengue en la entidad, inform\u00f3 que, las acciones son constantes y durante todo el a\u00f1o.\u00a0<\/p>\n\n\n\n<p>\u201cEstamos desde hace varios meses con los Tequios y la campa\u00f1a de Buscando y limpiando acabamos con el dengue; es muy importante que despu\u00e9s de las lluvias de ayer que se dieron en Xalapa le demos otra revisada al patio, esto debe ser constante\u201d, coment\u00f3.<\/p>\n\n\n\n<p>Inform\u00f3 que hasta el momento se han reportado al sector salud 3 mil 554 casos de dengue a nivel estatal as\u00ed como 4 fallecimientos. \u00a0<\/p>\n\n\n\n<p>Por \u00faltimo en ese sentido, inst\u00f3 a la ciudadan\u00eda evitar automedicarse en caso de presentar los s\u00edntomas que se desarrollan con la enfermedad.<\/p>\n","protected":false},"excerpt":{"rendered":"<p>Dar\u00edo Pale Xalapa, Ver.- La encargada de despacho de la Secretar\u00eda de Salud, Guadalupe D\u00edaz del Castillo Flores, dio a conocer que hasta el momento se han reportado al sector salud 3 mil 554 casos de dengue a nivel estatal as\u00ed como 4 fallecimientos. \u00a0 En entrevista previa a la conmemoraci\u00f3n del &#8220;D\u00eda Nacional de [&hellip;]<\/p>\n","protected":false},"author":2476,"featured_media":45378,"comment_status":"open","ping_status":"open","sticky":false,"template":"","format":"standard","meta":{"_jetpack_memberships_contains_paid_content":false,"footnotes":""},"categories":[9],"tags":[],"class_list":["post-45377","post","type-post","status-publish","format-standard","has-post-thumbnail","hentry","category-salud"],"jetpack_featured_media_url":"https:\/\/encuentroinformativo.com.mx\/wp-content\/uploads\/2023\/09\/IMG-20230919-WA0029.jpg","jetpack_sharing_enabled":true,"jetpack_likes_enabled":true,"amp_enabled":true,"_links":{"self":[{"href":"https:\/\/encuentroinformativo.com.mx\/index.php?rest_route=\/wp\/v2\/posts\/45377","targetHints":{"allow":["GET"]}}],"collection":[{"href":"https:\/\/encuentroinformativo.com.mx\/index.php?rest_route=\/wp\/v2\/posts"}],"about":[{"href":"https:\/\/encuentroinformativo.com.mx\/index.php?rest_route=\/wp\/v2\/types\/post"}],"author":[{"embeddable":true,"href":"https:\/\/encuentroinformativo.com.mx\/index.php?rest_route=\/wp\/v2\/users\/2476"}],"replies":[{"embeddable":true,"href":"https:\/\/encuentroinformativo.com.mx\/index.php?rest_route=%2Fwp%2Fv2%2Fcomments&post=45377"}],"version-history":[{"count":1,"href":"https:\/\/encuentroinformativo.com.mx\/index.php?rest_route=\/wp\/v2\/posts\/45377\/revisions"}],"predecessor-version":[{"id":45379,"href":"https:\/\/encuentroinformativo.com.mx\/index.php?rest_route=\/wp\/v2\/posts\/45377\/revisions\/45379"}],"wp:featuredmedia":[{"embeddable":true,"href":"https:\/\/encuentroinformativo.com.mx\/index.php?rest_route=\/wp\/v2\/media\/45378"}],"wp:attachment":[{"href":"https:\/\/encuentroinformativo.com.mx\/index.php?rest_route=%2Fwp%2Fv2%2Fmedia&parent=45377"}],"wp:term":[{"taxonomy":"category","embeddable":true,"href":"https:\/\/encuentroinformativo.com.mx\/index.php?rest_route=%2Fwp%2Fv2%2Fcategories&post=45377"},{"taxonomy":"post_tag","embeddable":true,"href":"https:\/\/encuentroinformativo.com.mx\/index.php?rest_route=%2Fwp%2Fv2%2Ftags&post=45377"}],"curies":[{"name":"wp","href":"https:\/\/api.w.org\/{rel}","templated":true}]}}