{"id":4538,"date":"2020-07-30T14:39:10","date_gmt":"2020-07-30T19:39:10","guid":{"rendered":"https:\/\/encuentroinformativo.com\/?p=4538"},"modified":"2020-07-30T14:39:12","modified_gmt":"2020-07-30T19:39:12","slug":"abogados-acusan-anomalias-en-caso-de-exdiputado-erik-n","status":"publish","type":"post","link":"https:\/\/encuentroinformativo.com.mx\/?p=4538","title":{"rendered":"Abogados acusan anomal\u00edas en caso de exdiputado Erik \u201cN\u201d"},"content":{"rendered":"\n<p><strong>Dar\u00edo Pale <\/strong><\/p>\n\n\n\n<p>Xalapa, Ver.- Denuncian violaciones a los derechos del ex legislador, hoy preso, irregularidades en el proceso y jueces a modo en el caso, as\u00ed lo se\u00f1alaron los Abogados y familiares del ex diputado local por el distrito de Misantla, Erik Iv\u00e1n Aguilar L\u00f3pez.<\/p>\n\n\n\n<p>En conferencia de prensa realizada en conocido caf\u00e9 del centro de Xalapa, el representante legal, Miguel \u00c1ngel Hern\u00e1ndez Dom\u00ednguez, dijo que la audiencia para el caso, se deb\u00eda realizar este d\u00eda, y sin aviso, se pensaba llevar a cabo ayer mi\u00e9rcoles.<\/p>\n\n\n\n<p>&#8220;Esto viola los derechos al se\u00f1or Aguilar L\u00f3pez de la debida defensa, igual que al debido proceso, ya que nosotros solicitamos el t\u00e9rmino constitucional de las 72 horas suplicado a 144 horas. La audiencia estaba programada para hoy a las 10 y se program\u00f3 para el d\u00eda de ayer sin aviso. Cuando al se\u00f1or Aguilar L\u00f3pez le avisan que ten\u00eda que acudir a audiencia, nos hace una llamada de los tel\u00e9fonos de caseta que hay ah\u00ed, es como nos enteramos 40 minutos antes y acudimos a la audiencia&#8221;, comentaron.<\/p>\n\n\n\n<p>Tambi\u00e9n destac\u00f3 que, Aguilar L\u00f3pez nunca fue detenido con base a una orden de aprehensi\u00f3n girada en su contra, sino que se present\u00f3 de manera voluntaria al juzgado.<\/p>\n\n\n\n<p>&#8220;En fecha 20 de julio, \u00e9l hizo la petici\u00f3n a la juez M\u00f3nica Segovia para fijar fecha, porque \u00e9l ten\u00eda la intenci\u00f3n acudir al llamado por los delitos de ejercicio indebido o abandono del servicio p\u00fablico. Al llegar a la audiencia de medidas cautelares, nos dej\u00f3 ver que ya no iba a haber una parcialidad, desde la imposici\u00f3n de esa mesas cautelar exagerada, la cual es la de prisi\u00f3n preventiva justificada&#8221;, se\u00f1alaron.<\/p>\n\n\n\n<p>Argument\u00f3 que existen todos los elementos necesarios para que el exdiputado, este libre, mismos que le fueron negados por la juez.<\/p>\n\n\n\n<p>&#8220;Existiendo todos los argumentos necesarios para que el se\u00f1or Aguilar L\u00f3pez, obtuviera su libertad a trav\u00e9s de su derecho que es la salida alterna y la determinaci\u00f3n de un proceso por delitos que no son graves, es que hoy permanece privado de su libertad en internando en el penal de Pacho Viejo, neg\u00e1ndose la suspensi\u00f3n provisional. Es diab\u00e9tico e hipertenso y persona vulnerable por la pandemia; teniendo todos estos argumentos, todo fue negado por la juez&#8221;, informaron.<\/p>\n\n\n\n<p>Adem\u00e1s, Carlos Garc\u00eda, tambi\u00e9n abogado de Aguilar L\u00f3pez, lament\u00f3 que existan algunos jueces a modo y fuera del marco de la ley.<br>&#8220;C\u00f3mo es posible que el ciudadano Erik, por delitos no graves est\u00e9 recluido en el penal de Pacho Viejo, cuando ayer Lozoya se encuentra en libertad con un brazalete electr\u00f3nico, y Erik, entregando su pasaporte, siendo persona vulnerable, est\u00e9 recluido\u201d.<\/p>\n\n\n\n<p>\u201cC\u00f3mo es posible que en tan poco tiempo se haga una investigaci\u00f3n tan ardua, mal armada. Nos encontramos con jueces a modo, en el sistema federal realmente hay jueces que le hacen honor a su cargo, aqu\u00ed nos encontramos con jueces que decepcionan, no son todos, sin algunos que empa\u00f1an la impartici\u00f3n de justicia&#8221;, acus\u00f3.<\/p>\n\n\n\n<p>Es preciso recordar que, el ex diputado Erik Iv\u00e1n Aguilar L\u00f3pez fue detenido por agentes ministeriales que ejecutaron en su contra una orden de aprehensi\u00f3n por los delitos de abuso de autoridad, uso indebido del ejercicio p\u00fablico, resistencia de particulares y desobediencia.<\/p>\n\n\n\n<p>Finalmente cabe se\u00f1alar que fue acusado de \u201crobarse\u201d un cad\u00e1ver en Alto Lucero, luego de que fuera a apoyar a la familia de un amigo que hab\u00eda sufrido un accidente vial, y donde acus\u00f3 la omisi\u00f3n de la Fiscal\u00eda General de Veracruz (FGE) para realizar los tr\u00e1mites de rigor tras su muerte.<\/p>\n\n\n\n<p><\/p>\n\n\n\n<p><\/p>\n","protected":false},"excerpt":{"rendered":"<p>Dar\u00edo Pale Xalapa, Ver.- Denuncian violaciones a los derechos del ex legislador, hoy preso, irregularidades en el proceso y jueces a modo en el caso, as\u00ed lo se\u00f1alaron los Abogados y familiares del ex diputado local por el distrito de Misantla, Erik Iv\u00e1n Aguilar L\u00f3pez. En conferencia de prensa realizada en conocido caf\u00e9 del centro [&hellip;]<\/p>\n","protected":false},"author":1,"featured_media":4539,"comment_status":"open","ping_status":"open","sticky":false,"template":"","format":"standard","meta":{"_jetpack_memberships_contains_paid_content":false,"footnotes":""},"categories":[2],"tags":[],"class_list":["post-4538","post","type-post","status-publish","format-standard","has-post-thumbnail","hentry","category-estado"],"jetpack_featured_media_url":"https:\/\/encuentroinformativo.com.mx\/wp-content\/uploads\/2020\/07\/70A91B19-0695-44EA-AA23-15F59040FE51.jpeg","jetpack_sharing_enabled":true,"jetpack_likes_enabled":true,"amp_enabled":true,"_links":{"self":[{"href":"https:\/\/encuentroinformativo.com.mx\/index.php?rest_route=\/wp\/v2\/posts\/4538","targetHints":{"allow":["GET"]}}],"collection":[{"href":"https:\/\/encuentroinformativo.com.mx\/index.php?rest_route=\/wp\/v2\/posts"}],"about":[{"href":"https:\/\/encuentroinformativo.com.mx\/index.php?rest_route=\/wp\/v2\/types\/post"}],"author":[{"embeddable":true,"href":"https:\/\/encuentroinformativo.com.mx\/index.php?rest_route=\/wp\/v2\/users\/1"}],"replies":[{"embeddable":true,"href":"https:\/\/encuentroinformativo.com.mx\/index.php?rest_route=%2Fwp%2Fv2%2Fcomments&post=4538"}],"version-history":[{"count":1,"href":"https:\/\/encuentroinformativo.com.mx\/index.php?rest_route=\/wp\/v2\/posts\/4538\/revisions"}],"predecessor-version":[{"id":4540,"href":"https:\/\/encuentroinformativo.com.mx\/index.php?rest_route=\/wp\/v2\/posts\/4538\/revisions\/4540"}],"wp:featuredmedia":[{"embeddable":true,"href":"https:\/\/encuentroinformativo.com.mx\/index.php?rest_route=\/wp\/v2\/media\/4539"}],"wp:attachment":[{"href":"https:\/\/encuentroinformativo.com.mx\/index.php?rest_route=%2Fwp%2Fv2%2Fmedia&parent=4538"}],"wp:term":[{"taxonomy":"category","embeddable":true,"href":"https:\/\/encuentroinformativo.com.mx\/index.php?rest_route=%2Fwp%2Fv2%2Fcategories&post=4538"},{"taxonomy":"post_tag","embeddable":true,"href":"https:\/\/encuentroinformativo.com.mx\/index.php?rest_route=%2Fwp%2Fv2%2Ftags&post=4538"}],"curies":[{"name":"wp","href":"https:\/\/api.w.org\/{rel}","templated":true}]}}