{"id":45380,"date":"2023-09-19T09:58:43","date_gmt":"2023-09-19T15:58:43","guid":{"rendered":"https:\/\/encuentroinformativo.com.mx\/?p=45380"},"modified":"2023-09-19T09:58:47","modified_gmt":"2023-09-19T15:58:47","slug":"el-aguila-suma-a-10-veracruzanos-a-su-equipo-de-liga-invernal","status":"publish","type":"post","link":"https:\/\/encuentroinformativo.com.mx\/?p=45380","title":{"rendered":"El \u00c1guila suma a 10 veracruzanos a su equipo de Liga Invernal"},"content":{"rendered":"\n<p><strong>Alejandro \u00c1vila<\/strong><\/p>\n\n\n\n<p>Veracruz, Ver.- El \u00c1guila de Veracruz inform\u00f3 que de los Try Out realizados en la entidad veracruzana, 10 j\u00f3venes fueron seleccionados para formar parte de su equipo en la Liga Invernal.<\/p>\n\n\n\n<p>El gerente deportivo, \u00c1lvaro Sol\u00eds, mencion\u00f3 que, la \u00faltima fase de estos tryouts fue un juego en el Estadio &#8220;Beto \u00c1vila&#8221; y, tras una extenuante evaluaci\u00f3n por parte del cuerpo t\u00e9cnico de El \u00c1guila, estos fueron los j\u00f3venes seleccionados.<\/p>\n\n\n\n<p>Raziel Sedas (puerto de Veracruz), Ettienne \u00c1lvarez (Coatzacoalcos), Pedro Mojica (puerto de Veracruz), Kevin Herrera (puerto de Veracruz), Alejandro Romero (Cuitl\u00e1huac), Juan de Dios L\u00f3pez (C\u00f3rdoba), Chanit Rivera (puerto de V,eracruz), Claret Fonseca (Chacaltianguis) y Cristian Romero (Chacaltianguis) y Alexis Rodr\u00edguez (Coatepec).<\/p>\n\n\n\n<p>Ahora, estos muchachos se sumar\u00e1n a la base veracruzana que ya tiene El \u00c1guila para esta competencia con, Rodrigo Cobos (Poza Rica), Amancio Soberano (puerto de Veracruz), V\u00edctor Contreras (C\u00f3rdoba), Rey Guerrero (Tlalixcoyan), adem\u00e1s de Rolando Hermida (Cosamaloapan) y Uriel Ferman (puerto de Veracruz) quienes ya debutaron con el equipo mayor en Liga Mexicana de Beisbol.<\/p>\n\n\n\n<p>En pr\u00f3ximas semanas se espera que la Liga Mexicana de Beisbol de a conocer el calendario de competencia de la Liga Invernal y que El \u00c1guila tendr\u00e1 como sede a Xalapa, capital de Veracruz.<\/p>\n","protected":false},"excerpt":{"rendered":"<p>Alejandro \u00c1vila Veracruz, Ver.- El \u00c1guila de Veracruz inform\u00f3 que de los Try Out realizados en la entidad veracruzana, 10 j\u00f3venes fueron seleccionados para formar parte de su equipo en la Liga Invernal. El gerente deportivo, \u00c1lvaro Sol\u00eds, mencion\u00f3 que, la \u00faltima fase de estos tryouts fue un juego en el Estadio &#8220;Beto \u00c1vila&#8221; y, [&hellip;]<\/p>\n","protected":false},"author":2476,"featured_media":45381,"comment_status":"open","ping_status":"open","sticky":false,"template":"","format":"standard","meta":{"_jetpack_memberships_contains_paid_content":false,"footnotes":""},"categories":[2],"tags":[],"class_list":["post-45380","post","type-post","status-publish","format-standard","has-post-thumbnail","hentry","category-estado"],"jetpack_featured_media_url":"https:\/\/encuentroinformativo.com.mx\/wp-content\/uploads\/2023\/09\/IMG-20230919-WA0038.jpg","jetpack_sharing_enabled":true,"jetpack_likes_enabled":true,"amp_enabled":true,"_links":{"self":[{"href":"https:\/\/encuentroinformativo.com.mx\/index.php?rest_route=\/wp\/v2\/posts\/45380","targetHints":{"allow":["GET"]}}],"collection":[{"href":"https:\/\/encuentroinformativo.com.mx\/index.php?rest_route=\/wp\/v2\/posts"}],"about":[{"href":"https:\/\/encuentroinformativo.com.mx\/index.php?rest_route=\/wp\/v2\/types\/post"}],"author":[{"embeddable":true,"href":"https:\/\/encuentroinformativo.com.mx\/index.php?rest_route=\/wp\/v2\/users\/2476"}],"replies":[{"embeddable":true,"href":"https:\/\/encuentroinformativo.com.mx\/index.php?rest_route=%2Fwp%2Fv2%2Fcomments&post=45380"}],"version-history":[{"count":1,"href":"https:\/\/encuentroinformativo.com.mx\/index.php?rest_route=\/wp\/v2\/posts\/45380\/revisions"}],"predecessor-version":[{"id":45382,"href":"https:\/\/encuentroinformativo.com.mx\/index.php?rest_route=\/wp\/v2\/posts\/45380\/revisions\/45382"}],"wp:featuredmedia":[{"embeddable":true,"href":"https:\/\/encuentroinformativo.com.mx\/index.php?rest_route=\/wp\/v2\/media\/45381"}],"wp:attachment":[{"href":"https:\/\/encuentroinformativo.com.mx\/index.php?rest_route=%2Fwp%2Fv2%2Fmedia&parent=45380"}],"wp:term":[{"taxonomy":"category","embeddable":true,"href":"https:\/\/encuentroinformativo.com.mx\/index.php?rest_route=%2Fwp%2Fv2%2Fcategories&post=45380"},{"taxonomy":"post_tag","embeddable":true,"href":"https:\/\/encuentroinformativo.com.mx\/index.php?rest_route=%2Fwp%2Fv2%2Ftags&post=45380"}],"curies":[{"name":"wp","href":"https:\/\/api.w.org\/{rel}","templated":true}]}}