{"id":45389,"date":"2023-09-19T11:33:33","date_gmt":"2023-09-19T17:33:33","guid":{"rendered":"https:\/\/encuentroinformativo.com.mx\/?p=45389"},"modified":"2023-09-19T11:33:37","modified_gmt":"2023-09-19T17:33:37","slug":"estudiantes-toman-humanidades-acusan-imposicion-de-director","status":"publish","type":"post","link":"https:\/\/encuentroinformativo.com.mx\/?p=45389","title":{"rendered":"Estudiantes &#8216;toman&#8217; Humanidades, acusan imposici\u00f3n de director"},"content":{"rendered":"\n<p><strong>Juan Arcos <\/strong><\/p>\n\n\n\n<p>Xalapa, Ver.- Estudiantes y docentes protestaron y tomaron la Unidad Acad\u00e9mica de Humanidades de la Universidad Veracruzana (UV), pues consideran que se violent\u00f3 el proceso para la elecci\u00f3n del nuevo director de la Facultad de Idiomas, campus Xalapa.<\/p>\n\n\n\n<p>Los quejosos colocaron pancartas sobre la reja perimetral y el acceso principal para exigir que se respeten los resultados de la elecci\u00f3n realizada el pasado 1 de junio.<\/p>\n\n\n\n<p>La unidad acad\u00e9mica permanece cerrada, sin clases, y solo se permite el acceso a estudiantes y docentes que participan en una reuni\u00f3n con autoridades para que sea atendido el reclamo de la comunidad universitaria.<\/p>\n\n\n\n<p>La directora general de Humanidades, Yolanda Francisca Gonz\u00e1lez Molohua, tom\u00f3 protesta el lunes 18 de septiembre a quien obtuvo el segundo la votaci\u00f3n para elegir al nuevo director o directora.<\/p>\n\n\n\n<p>De acuerdo con una de los docentes, quien solicit\u00f3 el anonimato por temor a represalias, la doctora Mar\u00eda del Pilar Balbuena obtuvo la mayor\u00eda de votos y no est\u00e1 siendo respetado dicho resultado.<\/p>\n\n\n\n<p>\u201cSi hay elecci\u00f3n que se respete la decisi\u00f3n\u201d, \u201cIdiomas no reconoce al director\u201d y \u201cla comunidad es quien conoce su necesidad\u201d, se le\u00eda en algunas de sus pancartas.<\/p>\n\n\n\n<p>Cabe recordar que rindi\u00f3 protesta el docente Raymundo Arcos como director de Humanidades, quien obtuvo el segundo lugar en la votaci\u00f3n.<\/p>\n\n\n\n<p>Los estudiantes y docentes exigieron al rector de la Universidad Veracruzana, Mart\u00edn Aguilar S\u00e1nchez, que sea atendida la problem\u00e1tica y amagaron con mantener la toma de instalaciones hasta que sea atendido su reclamo.<\/p>\n\n\n\n<figure class=\"wp-block-image size-large\"><img loading=\"lazy\" decoding=\"async\" width=\"1024\" height=\"768\" src=\"https:\/\/encuentroinformativo.com.mx\/wp-content\/uploads\/2023\/09\/IMG_5519-1024x768.jpg\" alt=\"\" class=\"wp-image-45391\" srcset=\"https:\/\/encuentroinformativo.com.mx\/wp-content\/uploads\/2023\/09\/IMG_5519-1024x768.jpg 1024w, https:\/\/encuentroinformativo.com.mx\/wp-content\/uploads\/2023\/09\/IMG_5519-300x225.jpg 300w, https:\/\/encuentroinformativo.com.mx\/wp-content\/uploads\/2023\/09\/IMG_5519-768x576.jpg 768w, https:\/\/encuentroinformativo.com.mx\/wp-content\/uploads\/2023\/09\/IMG_5519-1536x1152.jpg 1536w, https:\/\/encuentroinformativo.com.mx\/wp-content\/uploads\/2023\/09\/IMG_5519.jpg 2016w\" sizes=\"auto, (max-width: 1024px) 100vw, 1024px\" \/><\/figure>\n","protected":false},"excerpt":{"rendered":"<p>Juan Arcos Xalapa, Ver.- Estudiantes y docentes protestaron y tomaron la Unidad Acad\u00e9mica de Humanidades de la Universidad Veracruzana (UV), pues consideran que se violent\u00f3 el proceso para la elecci\u00f3n del nuevo director de la Facultad de Idiomas, campus Xalapa. Los quejosos colocaron pancartas sobre la reja perimetral y el acceso principal para exigir que [&hellip;]<\/p>\n","protected":false},"author":2476,"featured_media":45390,"comment_status":"open","ping_status":"open","sticky":false,"template":"","format":"standard","meta":{"_jetpack_memberships_contains_paid_content":false,"footnotes":""},"categories":[3],"tags":[],"class_list":["post-45389","post","type-post","status-publish","format-standard","has-post-thumbnail","hentry","category-xalapa"],"jetpack_featured_media_url":"https:\/\/encuentroinformativo.com.mx\/wp-content\/uploads\/2023\/09\/IMG_5512.jpg","jetpack_sharing_enabled":true,"jetpack_likes_enabled":true,"amp_enabled":true,"_links":{"self":[{"href":"https:\/\/encuentroinformativo.com.mx\/index.php?rest_route=\/wp\/v2\/posts\/45389","targetHints":{"allow":["GET"]}}],"collection":[{"href":"https:\/\/encuentroinformativo.com.mx\/index.php?rest_route=\/wp\/v2\/posts"}],"about":[{"href":"https:\/\/encuentroinformativo.com.mx\/index.php?rest_route=\/wp\/v2\/types\/post"}],"author":[{"embeddable":true,"href":"https:\/\/encuentroinformativo.com.mx\/index.php?rest_route=\/wp\/v2\/users\/2476"}],"replies":[{"embeddable":true,"href":"https:\/\/encuentroinformativo.com.mx\/index.php?rest_route=%2Fwp%2Fv2%2Fcomments&post=45389"}],"version-history":[{"count":1,"href":"https:\/\/encuentroinformativo.com.mx\/index.php?rest_route=\/wp\/v2\/posts\/45389\/revisions"}],"predecessor-version":[{"id":45392,"href":"https:\/\/encuentroinformativo.com.mx\/index.php?rest_route=\/wp\/v2\/posts\/45389\/revisions\/45392"}],"wp:featuredmedia":[{"embeddable":true,"href":"https:\/\/encuentroinformativo.com.mx\/index.php?rest_route=\/wp\/v2\/media\/45390"}],"wp:attachment":[{"href":"https:\/\/encuentroinformativo.com.mx\/index.php?rest_route=%2Fwp%2Fv2%2Fmedia&parent=45389"}],"wp:term":[{"taxonomy":"category","embeddable":true,"href":"https:\/\/encuentroinformativo.com.mx\/index.php?rest_route=%2Fwp%2Fv2%2Fcategories&post=45389"},{"taxonomy":"post_tag","embeddable":true,"href":"https:\/\/encuentroinformativo.com.mx\/index.php?rest_route=%2Fwp%2Fv2%2Ftags&post=45389"}],"curies":[{"name":"wp","href":"https:\/\/api.w.org\/{rel}","templated":true}]}}