{"id":45393,"date":"2023-09-19T12:09:40","date_gmt":"2023-09-19T18:09:40","guid":{"rendered":"https:\/\/encuentroinformativo.com.mx\/?p=45393"},"modified":"2023-09-19T12:09:43","modified_gmt":"2023-09-19T18:09:43","slug":"estare-en-las-encuestas-insiste-manuel-huerta","status":"publish","type":"post","link":"https:\/\/encuentroinformativo.com.mx\/?p=45393","title":{"rendered":"&#8220;Estar\u00e9 en las encuestas&#8221;, insiste Manuel Huerta"},"content":{"rendered":"\n<p><strong>Dar\u00edo Pale <\/strong><\/p>\n\n\n\n<p>Xalapa, Ver.- El delegado de los programas federales del Bienestar, Manuel Huerta Ladr\u00f3n de Guevara coment\u00f3 que luego de la publicaci\u00f3n de la convocatoria para el proceso interno de Morena, adelant\u00f3 que est\u00e1 valorando si solicita licencia al cargo por un mes.<\/p>\n\n\n\n<p>En entrevista se\u00f1al\u00f3 que, &#8220;estoy valorando un permiso de un mes para poder tener&#8230;pero se tiene que valorar con \u00e9l (Presidente), pero el encargo que me ha dado, mi cercan\u00eda, \u00e9l es Andr\u00e9s Manuel, yo solo soy Manuel Huerta y, aunque estemos muy unidos en la historia y en el trabajo&#8230;yo ya cumpl\u00ed, me preocupar\u00eda no haber cumplido&#8221;.<\/p>\n\n\n\n<p>El funcionario confi\u00f3 en que habr\u00e1 transparencia en el proceso interno de selecci\u00f3n del candidato a la gubernatura, ya que ser\u00e1 el pueblo el que decida.<\/p>\n\n\n\n<p>&#8220;Por eso estamos tranquilos y serenos porque el pueblo va a elegir lo mejor, por eso las reglas que pone el Movimiento son las que ustedes leyeron.<br>No s\u00e9 puede andar pintarrajeando las paredes, promocionando, usando recursos p\u00fablicos&#8230; todo lo que hemos visto pues no s\u00e9 puede hacer&#8221;, subray\u00f3.<\/p>\n\n\n\n<p>Huerta Ladr\u00f3n de Guevara resalt\u00f3 que es veracruzano y cumple con todos los requisitos de origen, por lo que se va a inscribir y nadie &#8220;va a evitar que este en la encuesta&#8221;.<\/p>\n\n\n\n<p>Entrevistado respecto de que si no logra ser el candidato de su partido a la gubernatura, podr\u00eda ser candidato a la senadur\u00eda, respondi\u00f3 &#8220;no ceno ya, por eso estoy m\u00e1s flaquito&#8221;.<\/p>\n\n\n\n<p>Finalmente el delegado coment\u00f3 que debe garantizar que la equidad, la transparencia y la legalidad se cumplan.<\/p>\n","protected":false},"excerpt":{"rendered":"<p>Dar\u00edo Pale Xalapa, Ver.- El delegado de los programas federales del Bienestar, Manuel Huerta Ladr\u00f3n de Guevara coment\u00f3 que luego de la publicaci\u00f3n de la convocatoria para el proceso interno de Morena, adelant\u00f3 que est\u00e1 valorando si solicita licencia al cargo por un mes. En entrevista se\u00f1al\u00f3 que, &#8220;estoy valorando un permiso de un mes [&hellip;]<\/p>\n","protected":false},"author":2476,"featured_media":45394,"comment_status":"open","ping_status":"open","sticky":false,"template":"","format":"standard","meta":{"_jetpack_memberships_contains_paid_content":false,"footnotes":""},"categories":[2],"tags":[],"class_list":["post-45393","post","type-post","status-publish","format-standard","has-post-thumbnail","hentry","category-estado"],"jetpack_featured_media_url":"https:\/\/encuentroinformativo.com.mx\/wp-content\/uploads\/2023\/09\/IMG-20230919-WA0064.jpg","jetpack_sharing_enabled":true,"jetpack_likes_enabled":true,"amp_enabled":true,"_links":{"self":[{"href":"https:\/\/encuentroinformativo.com.mx\/index.php?rest_route=\/wp\/v2\/posts\/45393","targetHints":{"allow":["GET"]}}],"collection":[{"href":"https:\/\/encuentroinformativo.com.mx\/index.php?rest_route=\/wp\/v2\/posts"}],"about":[{"href":"https:\/\/encuentroinformativo.com.mx\/index.php?rest_route=\/wp\/v2\/types\/post"}],"author":[{"embeddable":true,"href":"https:\/\/encuentroinformativo.com.mx\/index.php?rest_route=\/wp\/v2\/users\/2476"}],"replies":[{"embeddable":true,"href":"https:\/\/encuentroinformativo.com.mx\/index.php?rest_route=%2Fwp%2Fv2%2Fcomments&post=45393"}],"version-history":[{"count":1,"href":"https:\/\/encuentroinformativo.com.mx\/index.php?rest_route=\/wp\/v2\/posts\/45393\/revisions"}],"predecessor-version":[{"id":45395,"href":"https:\/\/encuentroinformativo.com.mx\/index.php?rest_route=\/wp\/v2\/posts\/45393\/revisions\/45395"}],"wp:featuredmedia":[{"embeddable":true,"href":"https:\/\/encuentroinformativo.com.mx\/index.php?rest_route=\/wp\/v2\/media\/45394"}],"wp:attachment":[{"href":"https:\/\/encuentroinformativo.com.mx\/index.php?rest_route=%2Fwp%2Fv2%2Fmedia&parent=45393"}],"wp:term":[{"taxonomy":"category","embeddable":true,"href":"https:\/\/encuentroinformativo.com.mx\/index.php?rest_route=%2Fwp%2Fv2%2Fcategories&post=45393"},{"taxonomy":"post_tag","embeddable":true,"href":"https:\/\/encuentroinformativo.com.mx\/index.php?rest_route=%2Fwp%2Fv2%2Ftags&post=45393"}],"curies":[{"name":"wp","href":"https:\/\/api.w.org\/{rel}","templated":true}]}}