{"id":45399,"date":"2023-09-19T12:26:05","date_gmt":"2023-09-19T18:26:05","guid":{"rendered":"https:\/\/encuentroinformativo.com.mx\/?p=45399"},"modified":"2023-09-19T13:15:45","modified_gmt":"2023-09-19T19:15:45","slug":"veracruz-comercializara-con-ocho-paises-durante-expo-turismo-veracruz-2023","status":"publish","type":"post","link":"https:\/\/encuentroinformativo.com.mx\/?p=45399","title":{"rendered":"Veracruz comercializar\u00e1 con ocho pa\u00edses durante Expo Turismo Veracruz 2023"},"content":{"rendered":"\n<p><strong>Alejandro \u00c1vila<\/strong><\/p>\n\n\n\n<p>Boca del R\u00edo, Ver.- Bolivia, Hungr\u00eda, Cuba, Venezuela, Belice, Espa\u00f1a, Honduras y Rep\u00fablica Dominicana, son los pa\u00edses que han confirmado su presencia en la Expo Turismo Veracruz 2023, mencion\u00f3 en rueda de prensa, el secretario de Turismo, Iv\u00e1n Francisco Mart\u00ednez Olvera.<\/p>\n\n\n\n<p>El funcionario estatal, dijo que la Expo Turismo, la cual se realizar\u00e1 del 7 al 9 de noviembre en el World Trade Center de Boca del R\u00edo, es una experiencia de negocios que sirve para impulsar el crecimiento y el desarrollo de los prestadores de servicio tur\u00edstico en la entidad veracruzana.<\/p>\n\n\n\n<p>Iv\u00e1n Mart\u00ednez, dijo que Veracruz presentar\u00e1 ante sus invitados internacionales, ocho Pueblos M\u00e1gicos (Coatepec, Coscomatepec, C\u00f3rdoba, Naolinco, Orizaba, Papantla, Xico y Zozocolco); siete Regiones Tur\u00edsticas y, 42 municipios de vocaci\u00f3n tur\u00edstica.<\/p>\n\n\n\n<p>&#8220;Tendremos conferencias magnas, conferencias magistrales, tendremos el Primer Coloquio Internacional de Turismo, donde nos acompa\u00f1ar\u00e1n los alcaldes de Almer\u00eda, Espa\u00f1a; Puerto Cort\u00e9s, Honduras; y Santo Domingo, Rep\u00fablica Dominicana; donde vendr\u00e1n a exponer en conjunto con alcaldes locales del Estado de Veracruz, sus experiencias por modificar el destino de cada uno de sus Ayuntamientos en el \u00e1mbito tur\u00edstico&#8221;, puntualiz\u00f3 Mart\u00ednez Olvera.<\/p>\n\n\n\n<p>Este evento tuvo una asistencia en el 2022 de aproximadamente 10 mil personas, y para este a\u00f1o se espera llegar a las 16 mil visitas, as\u00ed como superar las 1 500 citas de negocios.<\/p>\n\n\n\n<p>&#8220;Al d\u00eda de hoy, cuando a\u00fan falta tiempo para que se lleve a cabo esta Expo, por eso la presentamos con antelaci\u00f3n, ya tenemos las 1 500 citas de negocios que se cerr\u00f3 el a\u00f1o pasado, ahorita ya las tenemos concretadas. La plataforma para todos los que se inscriben a esta Expo Turismo ya est\u00e1 abierta, ya se est\u00e1n concretando estas citas, Entonces, si ahorita ya tenemos estas 1 500 citas de negocios, esperamos el doble de estos encuentros, porque adem\u00e1s tenemos el doble de prestadores de servicios turisticos. Traemos 47 compradores nacionales y 17 compradores internacionales&#8221;, remat\u00f3 el secretario de Turismo de Veracruz.<\/p>\n","protected":false},"excerpt":{"rendered":"<p>Alejandro \u00c1vila Boca del R\u00edo, Ver.- Bolivia, Hungr\u00eda, Cuba, Venezuela, Belice, Espa\u00f1a, Honduras y Rep\u00fablica Dominicana, son los pa\u00edses que han confirmado su presencia en la Expo Turismo Veracruz 2023, mencion\u00f3 en rueda de prensa, el secretario de Turismo, Iv\u00e1n Francisco Mart\u00ednez Olvera. El funcionario estatal, dijo que la Expo Turismo, la cual se realizar\u00e1 [&hellip;]<\/p>\n","protected":false},"author":2476,"featured_media":45400,"comment_status":"open","ping_status":"open","sticky":false,"template":"","format":"standard","meta":{"_jetpack_memberships_contains_paid_content":false,"footnotes":""},"categories":[2],"tags":[],"class_list":["post-45399","post","type-post","status-publish","format-standard","has-post-thumbnail","hentry","category-estado"],"jetpack_featured_media_url":"https:\/\/encuentroinformativo.com.mx\/wp-content\/uploads\/2023\/09\/IMG-20230919-WA0094.jpg","jetpack_sharing_enabled":true,"jetpack_likes_enabled":true,"amp_enabled":true,"_links":{"self":[{"href":"https:\/\/encuentroinformativo.com.mx\/index.php?rest_route=\/wp\/v2\/posts\/45399","targetHints":{"allow":["GET"]}}],"collection":[{"href":"https:\/\/encuentroinformativo.com.mx\/index.php?rest_route=\/wp\/v2\/posts"}],"about":[{"href":"https:\/\/encuentroinformativo.com.mx\/index.php?rest_route=\/wp\/v2\/types\/post"}],"author":[{"embeddable":true,"href":"https:\/\/encuentroinformativo.com.mx\/index.php?rest_route=\/wp\/v2\/users\/2476"}],"replies":[{"embeddable":true,"href":"https:\/\/encuentroinformativo.com.mx\/index.php?rest_route=%2Fwp%2Fv2%2Fcomments&post=45399"}],"version-history":[{"count":2,"href":"https:\/\/encuentroinformativo.com.mx\/index.php?rest_route=\/wp\/v2\/posts\/45399\/revisions"}],"predecessor-version":[{"id":45405,"href":"https:\/\/encuentroinformativo.com.mx\/index.php?rest_route=\/wp\/v2\/posts\/45399\/revisions\/45405"}],"wp:featuredmedia":[{"embeddable":true,"href":"https:\/\/encuentroinformativo.com.mx\/index.php?rest_route=\/wp\/v2\/media\/45400"}],"wp:attachment":[{"href":"https:\/\/encuentroinformativo.com.mx\/index.php?rest_route=%2Fwp%2Fv2%2Fmedia&parent=45399"}],"wp:term":[{"taxonomy":"category","embeddable":true,"href":"https:\/\/encuentroinformativo.com.mx\/index.php?rest_route=%2Fwp%2Fv2%2Fcategories&post=45399"},{"taxonomy":"post_tag","embeddable":true,"href":"https:\/\/encuentroinformativo.com.mx\/index.php?rest_route=%2Fwp%2Fv2%2Ftags&post=45399"}],"curies":[{"name":"wp","href":"https:\/\/api.w.org\/{rel}","templated":true}]}}