{"id":45409,"date":"2023-09-19T14:08:13","date_gmt":"2023-09-19T20:08:13","guid":{"rendered":"https:\/\/encuentroinformativo.com.mx\/?p=45409"},"modified":"2023-09-19T14:08:17","modified_gmt":"2023-09-19T20:08:17","slug":"integrantes-del-sitem-acusan-discriminacion-y-acoso-en-la-sev","status":"publish","type":"post","link":"https:\/\/encuentroinformativo.com.mx\/?p=45409","title":{"rendered":"Integrantes del SITEM acusan discriminaci\u00f3n y acoso en la SEV"},"content":{"rendered":"\n<p><strong>Juan Arcos <\/strong><\/p>\n\n\n\n<p>Xalapa, Ver.- Integrantes del Sindicato Independiente de Trabajadores de la Educaci\u00f3n de M\u00e9xico (SITEM) se manifestaron y tomaron las oficinas centrales de la Secretar\u00eda de Educaci\u00f3n de Veracruz (SEV) por presuntos actos de discriminaci\u00f3n y acoso laboral que padecen trabajadores de la educaci\u00f3n.<\/p>\n\n\n\n<p>Los inconformes obstruyeron los accesos a la dependencia estatal, ubicada sobre la carretera federal Xalapa-Veracruz, para exigir una audiencia con las autoridades educativas.<\/p>\n\n\n\n<p>De acuerdo con el secretario general del SITEM, Jer\u00f3nimo Gabriel Polo Navarro, se han registrado casos de discriminaci\u00f3n contra mujeres de la tercera edad que forman parte de esta organizaci\u00f3n sindical.<\/p>\n\n\n\n<p>El entrevistado record\u00f3 el caso de la se\u00f1ora Elo\u00edna S\u00e1nchez Mart\u00ednez, trabajadora de apoyo y asistencia a la educaci\u00f3n en la Escuela de Bachilleres de Xico, quien ha sido v\u00edctima de discriminaci\u00f3n en ese plantel por parte de los directivos.<\/p>\n\n\n\n<p>Tambi\u00e9n acus\u00f3 a directores, supervisores y jefes de sector de la modalidad de telesecundarias, de violentar los derechos los trabajadores de la educaci\u00f3n.<\/p>\n\n\n\n<p>Indic\u00f3 que dicha situaci\u00f3n ocurre en la escuela telesecundaria de El Salto de Eyipantla, municipio de San Andr\u00e9s Tuxtla, donde hay se\u00f1alamientos por el mal manejo de los presupuestos de programas por parte del supervisor escolar.<\/p>\n\n\n\n<p>Polo Navarro indic\u00f3 que tambi\u00e9n ha sido constante el acoso laboral por parte de funcionarios \u201cmenores\u201d que se niegan a entregar los nombramientos y adem\u00e1s realizan cambios de adscripci\u00f3n para favorecer al sindicato mayoritario.<\/p>\n\n\n\n<p>Los quejosos exigieron una audiencia con autoridades educativas para que sean atendidas sus demandas, de lo contrario seguir\u00e1n las protestas por parte del Sindicato Independiente de Trabajadores de la Educaci\u00f3n de M\u00e9xico.<\/p>\n","protected":false},"excerpt":{"rendered":"<p>Juan Arcos Xalapa, Ver.- Integrantes del Sindicato Independiente de Trabajadores de la Educaci\u00f3n de M\u00e9xico (SITEM) se manifestaron y tomaron las oficinas centrales de la Secretar\u00eda de Educaci\u00f3n de Veracruz (SEV) por presuntos actos de discriminaci\u00f3n y acoso laboral que padecen trabajadores de la educaci\u00f3n. Los inconformes obstruyeron los accesos a la dependencia estatal, ubicada [&hellip;]<\/p>\n","protected":false},"author":2476,"featured_media":45410,"comment_status":"open","ping_status":"open","sticky":false,"template":"","format":"standard","meta":{"_jetpack_memberships_contains_paid_content":false,"footnotes":""},"categories":[2],"tags":[],"class_list":["post-45409","post","type-post","status-publish","format-standard","has-post-thumbnail","hentry","category-estado"],"jetpack_featured_media_url":"https:\/\/encuentroinformativo.com.mx\/wp-content\/uploads\/2023\/09\/f95245d4-168b-465e-94b9-0501f1d159df.jpg","jetpack_sharing_enabled":true,"jetpack_likes_enabled":true,"amp_enabled":true,"_links":{"self":[{"href":"https:\/\/encuentroinformativo.com.mx\/index.php?rest_route=\/wp\/v2\/posts\/45409","targetHints":{"allow":["GET"]}}],"collection":[{"href":"https:\/\/encuentroinformativo.com.mx\/index.php?rest_route=\/wp\/v2\/posts"}],"about":[{"href":"https:\/\/encuentroinformativo.com.mx\/index.php?rest_route=\/wp\/v2\/types\/post"}],"author":[{"embeddable":true,"href":"https:\/\/encuentroinformativo.com.mx\/index.php?rest_route=\/wp\/v2\/users\/2476"}],"replies":[{"embeddable":true,"href":"https:\/\/encuentroinformativo.com.mx\/index.php?rest_route=%2Fwp%2Fv2%2Fcomments&post=45409"}],"version-history":[{"count":1,"href":"https:\/\/encuentroinformativo.com.mx\/index.php?rest_route=\/wp\/v2\/posts\/45409\/revisions"}],"predecessor-version":[{"id":45411,"href":"https:\/\/encuentroinformativo.com.mx\/index.php?rest_route=\/wp\/v2\/posts\/45409\/revisions\/45411"}],"wp:featuredmedia":[{"embeddable":true,"href":"https:\/\/encuentroinformativo.com.mx\/index.php?rest_route=\/wp\/v2\/media\/45410"}],"wp:attachment":[{"href":"https:\/\/encuentroinformativo.com.mx\/index.php?rest_route=%2Fwp%2Fv2%2Fmedia&parent=45409"}],"wp:term":[{"taxonomy":"category","embeddable":true,"href":"https:\/\/encuentroinformativo.com.mx\/index.php?rest_route=%2Fwp%2Fv2%2Fcategories&post=45409"},{"taxonomy":"post_tag","embeddable":true,"href":"https:\/\/encuentroinformativo.com.mx\/index.php?rest_route=%2Fwp%2Fv2%2Ftags&post=45409"}],"curies":[{"name":"wp","href":"https:\/\/api.w.org\/{rel}","templated":true}]}}