{"id":45417,"date":"2023-09-19T14:52:12","date_gmt":"2023-09-19T20:52:12","guid":{"rendered":"https:\/\/encuentroinformativo.com.mx\/?p=45417"},"modified":"2023-09-19T14:52:17","modified_gmt":"2023-09-19T20:52:17","slug":"descarta-eleazar-guerrero-buscar-coordinacion-de-defensa-de-la-4t","status":"publish","type":"post","link":"https:\/\/encuentroinformativo.com.mx\/?p=45417","title":{"rendered":"Descarta Eleazar Guerrero buscar coordinaci\u00f3n de defensa de la 4T"},"content":{"rendered":"\n<p><strong>Redacci\u00f3n<\/strong><\/p>\n\n\n\n<p>Xalapa, Ver.- Eleazar Guerrero P\u00e9rez subsecretario de Finanzas en la Secretar\u00eda de Finanzas y Planeaci\u00f3n (Sefiplan) descart\u00f3 inscribirse al proceso actual de Morena para elegir a quien ser\u00e1 el coordinador del comit\u00e9 de defensa de la 4T.<\/p>\n\n\n\n<p>En entrevista coment\u00f3 que las convocatorias son abiertas y todos los interesados pueden participar, sin embargo, afirm\u00f3 que aunque pertenece al movimiento, \u00e9l tiene descartado participar en el actual proceso para definir qui\u00e9n ser\u00e1 el coordinador o coordinadora del comit\u00e9 de defensa de la transformaci\u00f3n.<\/p>\n\n\n\n<p>\u201cAclarar que yo estoy en el Movimiento pero no estoy por cargos, vamos a estar donde el movimiento nos d\u00e9 el espacio y nos requiera para seguir contribuyendo. No me voy a registrar a esto\u201d.<\/p>\n\n\n\n<p>Todo en el movimiento se va a resolver por encuestas, dijo, y son abiertas si ustedes ven la que acaba de salir (convocatoria) son abiertas y as\u00ed van a ser todas, quien quiera se puede inscribir.<\/p>\n\n\n\n<p>Cuestionado sobre si el movimiento que \u00e9l dirige de Unidos Todos buscar\u00eda ocupar posiciones, afirm\u00f3 que no existen dedazos.<\/p>\n\n\n\n<p>\u201cTodo es por encuestas, aqu\u00ed no hay cuotas, ni dedazos. Todos los que quieran y aspiren porque es un leg\u00edtimo derecho, adelante, tenemos compa\u00f1eros muy valiosos cualquiera puede hacer un excelente papel, esa es la riqueza de nuestro movimiento\u201d, puntualiz\u00f3.<\/p>\n","protected":false},"excerpt":{"rendered":"<p>Redacci\u00f3n Xalapa, Ver.- Eleazar Guerrero P\u00e9rez subsecretario de Finanzas en la Secretar\u00eda de Finanzas y Planeaci\u00f3n (Sefiplan) descart\u00f3 inscribirse al proceso actual de Morena para elegir a quien ser\u00e1 el coordinador del comit\u00e9 de defensa de la 4T. En entrevista coment\u00f3 que las convocatorias son abiertas y todos los interesados pueden participar, sin embargo, afirm\u00f3 [&hellip;]<\/p>\n","protected":false},"author":2476,"featured_media":45418,"comment_status":"open","ping_status":"open","sticky":false,"template":"","format":"standard","meta":{"_jetpack_memberships_contains_paid_content":false,"footnotes":""},"categories":[2],"tags":[],"class_list":["post-45417","post","type-post","status-publish","format-standard","has-post-thumbnail","hentry","category-estado"],"jetpack_featured_media_url":"https:\/\/encuentroinformativo.com.mx\/wp-content\/uploads\/2023\/09\/IMG-20230919-WA00962.jpg","jetpack_sharing_enabled":true,"jetpack_likes_enabled":true,"amp_enabled":true,"_links":{"self":[{"href":"https:\/\/encuentroinformativo.com.mx\/index.php?rest_route=\/wp\/v2\/posts\/45417","targetHints":{"allow":["GET"]}}],"collection":[{"href":"https:\/\/encuentroinformativo.com.mx\/index.php?rest_route=\/wp\/v2\/posts"}],"about":[{"href":"https:\/\/encuentroinformativo.com.mx\/index.php?rest_route=\/wp\/v2\/types\/post"}],"author":[{"embeddable":true,"href":"https:\/\/encuentroinformativo.com.mx\/index.php?rest_route=\/wp\/v2\/users\/2476"}],"replies":[{"embeddable":true,"href":"https:\/\/encuentroinformativo.com.mx\/index.php?rest_route=%2Fwp%2Fv2%2Fcomments&post=45417"}],"version-history":[{"count":1,"href":"https:\/\/encuentroinformativo.com.mx\/index.php?rest_route=\/wp\/v2\/posts\/45417\/revisions"}],"predecessor-version":[{"id":45419,"href":"https:\/\/encuentroinformativo.com.mx\/index.php?rest_route=\/wp\/v2\/posts\/45417\/revisions\/45419"}],"wp:featuredmedia":[{"embeddable":true,"href":"https:\/\/encuentroinformativo.com.mx\/index.php?rest_route=\/wp\/v2\/media\/45418"}],"wp:attachment":[{"href":"https:\/\/encuentroinformativo.com.mx\/index.php?rest_route=%2Fwp%2Fv2%2Fmedia&parent=45417"}],"wp:term":[{"taxonomy":"category","embeddable":true,"href":"https:\/\/encuentroinformativo.com.mx\/index.php?rest_route=%2Fwp%2Fv2%2Fcategories&post=45417"},{"taxonomy":"post_tag","embeddable":true,"href":"https:\/\/encuentroinformativo.com.mx\/index.php?rest_route=%2Fwp%2Fv2%2Ftags&post=45417"}],"curies":[{"name":"wp","href":"https:\/\/api.w.org\/{rel}","templated":true}]}}