{"id":45434,"date":"2023-09-20T09:34:30","date_gmt":"2023-09-20T15:34:30","guid":{"rendered":"https:\/\/encuentroinformativo.com.mx\/?p=45434"},"modified":"2023-09-20T09:34:36","modified_gmt":"2023-09-20T15:34:36","slug":"cuestiona-senador-desalojo-de-manifestantes-en-naranjos","status":"publish","type":"post","link":"https:\/\/encuentroinformativo.com.mx\/?p=45434","title":{"rendered":"Cuestiona Senador desalojo de manifestantes en Naranjos"},"content":{"rendered":"\n<p><strong>Alejandro \u00c1vila<\/strong><\/p>\n\n\n\n<p>Veracruz, Ver.- El Senador veracruzano, Julen Rementer\u00eda del Puerto, reclam\u00f3 la noche de este martes en el pleno del Senado de la Rep\u00fablica, el ataque que sufrieron los manifestantes del norte de la entidad veracruzana por parte de polic\u00eda antimotines.<\/p>\n\n\n\n<p>Es de mencionar que los pobladores de Naranjos, Tancoco y Chinampa, manten\u00edan cerrada la carretera Tuxpan &#8211; Ozuluama, debido a la falta de agua desde hace varios d\u00edas; ante esta situaci\u00f3n, el legislador reclam\u00f3 que el Gobierno de Veracruz utiliz\u00f3 Polic\u00eda Antimotines de la Secretar\u00eda de Seguridad P\u00fablica para contenerlos, en lugar de enviar a personal de la Comisi\u00f3n de Agua del Estado de Veracruz (CAEV) para dialogar y resolver su problema.<\/p>\n\n\n\n<p>&#8220;En estos momentos, en el norte de Veracruz, en Naranjos, Tancoco y Chinampa, est\u00e1n reprimiendo a la gente con gases a lacrim\u00f3genos porque est\u00e1n demandando el servicio de agua, lo tiene que saber el pa\u00eds, ya est\u00e1n las notas circulando y no hay nadie que los atienda. Ojal\u00e1 la Secretar\u00eda de Gobernaci\u00f3n Federal vaya y atienda el desastre qu\u00e9 est\u00e1 provocando el gobernador de Veracruz en todo el estado, no son m\u00e1s que puras malas noticias, no es posible que la gente se le reprima como se le est\u00e1 reprimiendo, vecinos que lo \u00fanico que demandan es servicio de agua, y en lugar de ayudarles porque d\u00edas lo tienen pidiendo, los agarran garratazos y les echan gases lacrim\u00f3genos&#8221;, reclam\u00f3 el Senador veracruzano.<\/p>\n\n\n\n<p>Los manifestantes denunciaron ante los medios de comunicaci\u00f3n, empujones, violencia verbal, personas lesionadas y la detenci\u00f3n de varios ciudadanos; adem\u00e1s, aseguraron que los elementos policiales lanzaron, al menos tres disparos al aire para disuadir su protesta.<\/p>\n\n\n\n<p>Las protestas iniciaron este lunes con el bloqueo de la carretera federal Tuxpan &#8211; Tampico; posteriormente, al no ser escuchado sus reclamos, el martes bloquearon la caseta de cobro Tuxpan &#8211; Ozuluama, a la altura del municipio de Naranjos; mientras que la tarde de este martes, la manifestaci\u00f3n fue dispersada de forma violenta.<\/p>\n","protected":false},"excerpt":{"rendered":"<p>Alejandro \u00c1vila Veracruz, Ver.- El Senador veracruzano, Julen Rementer\u00eda del Puerto, reclam\u00f3 la noche de este martes en el pleno del Senado de la Rep\u00fablica, el ataque que sufrieron los manifestantes del norte de la entidad veracruzana por parte de polic\u00eda antimotines. Es de mencionar que los pobladores de Naranjos, Tancoco y Chinampa, manten\u00edan cerrada [&hellip;]<\/p>\n","protected":false},"author":2476,"featured_media":45435,"comment_status":"open","ping_status":"open","sticky":false,"template":"","format":"standard","meta":{"_jetpack_memberships_contains_paid_content":false,"footnotes":""},"categories":[2],"tags":[],"class_list":["post-45434","post","type-post","status-publish","format-standard","has-post-thumbnail","hentry","category-estado"],"jetpack_featured_media_url":"https:\/\/encuentroinformativo.com.mx\/wp-content\/uploads\/2023\/09\/IMG-20230920-WA00052.jpg","jetpack_sharing_enabled":true,"jetpack_likes_enabled":true,"amp_enabled":true,"_links":{"self":[{"href":"https:\/\/encuentroinformativo.com.mx\/index.php?rest_route=\/wp\/v2\/posts\/45434","targetHints":{"allow":["GET"]}}],"collection":[{"href":"https:\/\/encuentroinformativo.com.mx\/index.php?rest_route=\/wp\/v2\/posts"}],"about":[{"href":"https:\/\/encuentroinformativo.com.mx\/index.php?rest_route=\/wp\/v2\/types\/post"}],"author":[{"embeddable":true,"href":"https:\/\/encuentroinformativo.com.mx\/index.php?rest_route=\/wp\/v2\/users\/2476"}],"replies":[{"embeddable":true,"href":"https:\/\/encuentroinformativo.com.mx\/index.php?rest_route=%2Fwp%2Fv2%2Fcomments&post=45434"}],"version-history":[{"count":1,"href":"https:\/\/encuentroinformativo.com.mx\/index.php?rest_route=\/wp\/v2\/posts\/45434\/revisions"}],"predecessor-version":[{"id":45436,"href":"https:\/\/encuentroinformativo.com.mx\/index.php?rest_route=\/wp\/v2\/posts\/45434\/revisions\/45436"}],"wp:featuredmedia":[{"embeddable":true,"href":"https:\/\/encuentroinformativo.com.mx\/index.php?rest_route=\/wp\/v2\/media\/45435"}],"wp:attachment":[{"href":"https:\/\/encuentroinformativo.com.mx\/index.php?rest_route=%2Fwp%2Fv2%2Fmedia&parent=45434"}],"wp:term":[{"taxonomy":"category","embeddable":true,"href":"https:\/\/encuentroinformativo.com.mx\/index.php?rest_route=%2Fwp%2Fv2%2Fcategories&post=45434"},{"taxonomy":"post_tag","embeddable":true,"href":"https:\/\/encuentroinformativo.com.mx\/index.php?rest_route=%2Fwp%2Fv2%2Ftags&post=45434"}],"curies":[{"name":"wp","href":"https:\/\/api.w.org\/{rel}","templated":true}]}}