{"id":45437,"date":"2023-09-20T09:38:24","date_gmt":"2023-09-20T15:38:24","guid":{"rendered":"https:\/\/encuentroinformativo.com.mx\/?p=45437"},"modified":"2023-09-20T09:38:28","modified_gmt":"2023-09-20T15:38:28","slug":"reconoce-ex-alcalde-que-olvido-al-pueblo-ahora-critica-al-fam","status":"publish","type":"post","link":"https:\/\/encuentroinformativo.com.mx\/?p=45437","title":{"rendered":"Reconoce ex alcalde que olvid\u00f3 al pueblo; ahora cr\u00edtica al FAM"},"content":{"rendered":"\n<p><strong>Alejandro \u00c1vila<\/strong><\/p>\n\n\n\n<p>Veracruz, Ver.- El ex alcalde, Hip\u00f3lito Deschamps Espino Barros, env\u00edo una carta abierta al Frente Amplio Por M\u00e9xico (FAM), donde expuso su preocupaci\u00f3n por la aparente forma en la que se conduce, en la cual se est\u00e1 enfocando en buscar candidatos y se est\u00e1 olvidando de los ciudadanos.<\/p>\n\n\n\n<p>El ex alcalde panista de Medell\u00edn de Bravo, hizo una fuerte autocr\u00edtica a lo que considera el camino equivocado que ha tomado el bloque opositor, pues en lugar de acercarse al ciudadano para escucharlo y apoyarlo, se la ha pasado haciendo grilla pol\u00edtica y buscando candidatos.&nbsp;<\/p>\n\n\n\n<p>\u201cMe preocupa que el Frente est\u00e1 por el camino equivocado. Cuando fui alcalde fui el que m\u00e1s obra p\u00fablica hizo en a\u00f1os, incluso hice m\u00e1s obra que los 3 \u00faltimos alcaldes juntos, paviment\u00e9 calles y llev\u00e9 agua a donde no hab\u00eda, pero dej\u00e9 de hacer algo igual de importante: dej\u00e9 de ir a las casas de la gente, dej\u00e9 de estar con el pueblo y apoyarlo y eso es lo que est\u00e1 haciendo el Frente\u201d, sostuvo en un video que publico en sus redes sociales.&nbsp;<\/p>\n\n\n\n<p>Polo Deschamps lamenta en su carta abierta que otra vez el Frente, tanto a nivel nacional como estatal, se enfrenta a Morena en una elecci\u00f3n y no quiere entender el error que comete, \u201cporque se la pasa en la grilla pol\u00edtica, en busca de candidatos en lugar de estar con la gente\u201d.&nbsp;<\/p>\n\n\n\n<p>\u201cTengo dos a\u00f1os que empec\u00e9 a caminar el estado, a estar con la gente, a escucharlos y apoyarlos porque nunca llego con las manos vac\u00edas, a comer con ellos, porque \u00e9l que est\u00e1 con la gente no se equivoca\u201d, concluy\u00f3.<\/p>\n","protected":false},"excerpt":{"rendered":"<p>Alejandro \u00c1vila Veracruz, Ver.- El ex alcalde, Hip\u00f3lito Deschamps Espino Barros, env\u00edo una carta abierta al Frente Amplio Por M\u00e9xico (FAM), donde expuso su preocupaci\u00f3n por la aparente forma en la que se conduce, en la cual se est\u00e1 enfocando en buscar candidatos y se est\u00e1 olvidando de los ciudadanos. El ex alcalde panista de [&hellip;]<\/p>\n","protected":false},"author":2476,"featured_media":45438,"comment_status":"open","ping_status":"open","sticky":false,"template":"","format":"standard","meta":{"_jetpack_memberships_contains_paid_content":false,"footnotes":""},"categories":[2],"tags":[],"class_list":["post-45437","post","type-post","status-publish","format-standard","has-post-thumbnail","hentry","category-estado"],"jetpack_featured_media_url":"https:\/\/encuentroinformativo.com.mx\/wp-content\/uploads\/2023\/09\/IMG-20230920-WA0007.jpg","jetpack_sharing_enabled":true,"jetpack_likes_enabled":true,"amp_enabled":true,"_links":{"self":[{"href":"https:\/\/encuentroinformativo.com.mx\/index.php?rest_route=\/wp\/v2\/posts\/45437","targetHints":{"allow":["GET"]}}],"collection":[{"href":"https:\/\/encuentroinformativo.com.mx\/index.php?rest_route=\/wp\/v2\/posts"}],"about":[{"href":"https:\/\/encuentroinformativo.com.mx\/index.php?rest_route=\/wp\/v2\/types\/post"}],"author":[{"embeddable":true,"href":"https:\/\/encuentroinformativo.com.mx\/index.php?rest_route=\/wp\/v2\/users\/2476"}],"replies":[{"embeddable":true,"href":"https:\/\/encuentroinformativo.com.mx\/index.php?rest_route=%2Fwp%2Fv2%2Fcomments&post=45437"}],"version-history":[{"count":1,"href":"https:\/\/encuentroinformativo.com.mx\/index.php?rest_route=\/wp\/v2\/posts\/45437\/revisions"}],"predecessor-version":[{"id":45439,"href":"https:\/\/encuentroinformativo.com.mx\/index.php?rest_route=\/wp\/v2\/posts\/45437\/revisions\/45439"}],"wp:featuredmedia":[{"embeddable":true,"href":"https:\/\/encuentroinformativo.com.mx\/index.php?rest_route=\/wp\/v2\/media\/45438"}],"wp:attachment":[{"href":"https:\/\/encuentroinformativo.com.mx\/index.php?rest_route=%2Fwp%2Fv2%2Fmedia&parent=45437"}],"wp:term":[{"taxonomy":"category","embeddable":true,"href":"https:\/\/encuentroinformativo.com.mx\/index.php?rest_route=%2Fwp%2Fv2%2Fcategories&post=45437"},{"taxonomy":"post_tag","embeddable":true,"href":"https:\/\/encuentroinformativo.com.mx\/index.php?rest_route=%2Fwp%2Fv2%2Ftags&post=45437"}],"curies":[{"name":"wp","href":"https:\/\/api.w.org\/{rel}","templated":true}]}}