{"id":45446,"date":"2023-09-20T12:25:22","date_gmt":"2023-09-20T18:25:22","guid":{"rendered":"https:\/\/encuentroinformativo.com.mx\/?p=45446"},"modified":"2023-09-20T12:25:26","modified_gmt":"2023-09-20T18:25:26","slug":"mantiene-uv-rezago-con-liquidaciones-acusa-fesapauv","status":"publish","type":"post","link":"https:\/\/encuentroinformativo.com.mx\/?p=45446","title":{"rendered":"Mantiene UV rezago con liquidaciones, acusa Fesapauv"},"content":{"rendered":"\n<p><strong>Dar\u00edo Pale <\/strong><\/p>\n\n\n\n<p>Xalapa, Ver.- La Universidad Veracruzana (UV), contin\u00faa con rezago &#8220;considerable&#8221; en el pago de liquidaciones, as\u00ed lo dio a conocer el secretario general del Sindicato Estatal del Personal Acad\u00e9mico de la Universidad Veracruzana (Fesapauv), Enrique Levet Gorozpe.<\/p>\n\n\n\n<p>En entrevista previa a rendir guardia de honor al monumento a Miguel Hidalgo, se\u00f1al\u00f3 que la m\u00e1xima Casa de Estudios contin\u00faa con un rezago considerable para el pago de las liquidaciones.<\/p>\n\n\n\n<p>Explic\u00f3 que esas liquidaciones son para los profesores que se jubilan o que por cuestiones lamentablemes pierden la vida, pero subray\u00f3 que tan s\u00f3lo este a\u00f1o se han jubilado m\u00e1s de cien docentes.<\/p>\n\n\n\n<p>&#8220;La Universidad tiene que darnos, de acuerdo con la Ley Federal del Trabajo, un finiquito que est\u00e1 establecido en la Ley y que se ha retrasado&#8221;, se\u00f1al\u00f3.<\/p>\n\n\n\n<p>Levet Gorozpe aclar\u00f3 que la Universidad ya les pag\u00f3 todo lo que estaba pendiente de 2022, pero falta todo lo que va de 2023 y que est\u00e1n buscando que se les liquide a los acad\u00e9micos.<\/p>\n\n\n\n<p>Por otra parte, indic\u00f3 que lo que el Sindicato est\u00e1 cuidando es que no vaya a haber un contratiempo al finalizar este 2023 y que los recursos de los que dispone de subsidio federal y estatal, sea suficiente para pagarles las prestaciones.<\/p>\n\n\n\n<p>&#8220;Estamos pendientes de eso, estamos hablando con las autoridades. Las autoridades hasta ahorita nos han asegurado que est\u00e1 cubierto todo el a\u00f1o en lo que corresponde a la n\u00f3mina de los trabajadores acad\u00e9micos&#8221;, expuso.<\/p>\n\n\n\n<p>Finalmente, sostuvo que hay una relaci\u00f3n cordial y de respeto con el rector Mart\u00edn Aguilar S\u00e1nchez, no existe ning\u00fan problema con el acad\u00e9mico, pero cada uno, en su posici\u00f3n, busca la soluci\u00f3n a los problemas que se plantean.<\/p>\n","protected":false},"excerpt":{"rendered":"<p>Dar\u00edo Pale Xalapa, Ver.- La Universidad Veracruzana (UV), contin\u00faa con rezago &#8220;considerable&#8221; en el pago de liquidaciones, as\u00ed lo dio a conocer el secretario general del Sindicato Estatal del Personal Acad\u00e9mico de la Universidad Veracruzana (Fesapauv), Enrique Levet Gorozpe. En entrevista previa a rendir guardia de honor al monumento a Miguel Hidalgo, se\u00f1al\u00f3 que la [&hellip;]<\/p>\n","protected":false},"author":2476,"featured_media":45447,"comment_status":"open","ping_status":"open","sticky":false,"template":"","format":"standard","meta":{"_jetpack_memberships_contains_paid_content":false,"footnotes":""},"categories":[2],"tags":[],"class_list":["post-45446","post","type-post","status-publish","format-standard","has-post-thumbnail","hentry","category-estado"],"jetpack_featured_media_url":"https:\/\/encuentroinformativo.com.mx\/wp-content\/uploads\/2023\/09\/IMG-20230920-WA0040.jpg","jetpack_sharing_enabled":true,"jetpack_likes_enabled":true,"amp_enabled":true,"_links":{"self":[{"href":"https:\/\/encuentroinformativo.com.mx\/index.php?rest_route=\/wp\/v2\/posts\/45446","targetHints":{"allow":["GET"]}}],"collection":[{"href":"https:\/\/encuentroinformativo.com.mx\/index.php?rest_route=\/wp\/v2\/posts"}],"about":[{"href":"https:\/\/encuentroinformativo.com.mx\/index.php?rest_route=\/wp\/v2\/types\/post"}],"author":[{"embeddable":true,"href":"https:\/\/encuentroinformativo.com.mx\/index.php?rest_route=\/wp\/v2\/users\/2476"}],"replies":[{"embeddable":true,"href":"https:\/\/encuentroinformativo.com.mx\/index.php?rest_route=%2Fwp%2Fv2%2Fcomments&post=45446"}],"version-history":[{"count":1,"href":"https:\/\/encuentroinformativo.com.mx\/index.php?rest_route=\/wp\/v2\/posts\/45446\/revisions"}],"predecessor-version":[{"id":45448,"href":"https:\/\/encuentroinformativo.com.mx\/index.php?rest_route=\/wp\/v2\/posts\/45446\/revisions\/45448"}],"wp:featuredmedia":[{"embeddable":true,"href":"https:\/\/encuentroinformativo.com.mx\/index.php?rest_route=\/wp\/v2\/media\/45447"}],"wp:attachment":[{"href":"https:\/\/encuentroinformativo.com.mx\/index.php?rest_route=%2Fwp%2Fv2%2Fmedia&parent=45446"}],"wp:term":[{"taxonomy":"category","embeddable":true,"href":"https:\/\/encuentroinformativo.com.mx\/index.php?rest_route=%2Fwp%2Fv2%2Fcategories&post=45446"},{"taxonomy":"post_tag","embeddable":true,"href":"https:\/\/encuentroinformativo.com.mx\/index.php?rest_route=%2Fwp%2Fv2%2Ftags&post=45446"}],"curies":[{"name":"wp","href":"https:\/\/api.w.org\/{rel}","templated":true}]}}