{"id":45453,"date":"2023-09-20T12:36:31","date_gmt":"2023-09-20T18:36:31","guid":{"rendered":"https:\/\/encuentroinformativo.com.mx\/?p=45453"},"modified":"2023-09-20T12:36:34","modified_gmt":"2023-09-20T18:36:34","slug":"el-aguila-de-veracruz-y-medellin-de-bravo-se-suman-al-afrocaribeno-2023","status":"publish","type":"post","link":"https:\/\/encuentroinformativo.com.mx\/?p=45453","title":{"rendered":"El \u00c1guila de Veracruz y Medell\u00edn de Bravo se suman al Afrocaribe\u00f1o 2023"},"content":{"rendered":"\n<p><strong>Alejandro \u00c1vila<\/strong><\/p>\n\n\n\n<p>Veracruz, Ver.- La edici\u00f3n 27 del Festival Afrocaribe\u00f1o de Veracruz, tendr\u00e1 como invitados especial al equipo de b\u00e9isbol \u00c1guila de Veracruz; adem\u00e1s, la sede alterna ser\u00e1 el municipio de Medell\u00edn de Bravo.<\/p>\n\n\n\n<p>Durante la presentaci\u00f3n del evento en el ex Convento Betlehemita, la directora general del Instituto Veracruzano de Cultura (IVEC), Silvia Alejandra Prado, inform\u00f3 que en este 2023 el tema elegido para desarrollar es la Migraci\u00f3n; y ser\u00e1 la doctora, Margarita Vargas Canales, a quien se le galardone con la medalla &#8220;Gonzalo Aguirre Beltr\u00e1n&#8221;, adem\u00e1s, la homenajeada abrir\u00e1 el c\u00edrculo de conferencias con el tema &#8220;Flujos Migratorios Haitianos a M\u00e9xico: historia de una dispersi\u00f3n&#8221;.<\/p>\n\n\n\n<p>El elenco art\u00edstico tendr\u00e1 exponentes de Cuba, Camer\u00fan, Guinea, Senegal; as\u00ed como exponentes veracruzanos como, Pregoneros del Recuerdo, Orquesta Moscovita, Mono Blanco, Fanny Delgado, Ch\u00e9jere, en total ser\u00e1n 22 grupos los que se presenten en los municipios de Veracruz y Medell\u00edn de Bravo.<\/p>\n\n\n\n<p>Por su parte, la coordinadora de prensa del equipo \u00c1guila de Veracruz, Paola R\u00edos, mencion\u00f3 que tendr\u00e1n una charla sobre la importancia de la afrodescendencia en el deporte, espec\u00edficamente en los 120 a\u00f1os de historia del equipo veracruzano de b\u00e9isbol.<\/p>\n\n\n\n<p>&#8220;No podemos hablar de la historia del \u00c1guila de Veracruz, que recientemente cumpli\u00f3 120 a\u00f1os, sin tomar en cuenta el impacto de los jugadores cubanos que le dieron gloria a nuestro equipo. En cuanto a la familia Pasquel, el tema de la afrodescendencia es de vital importancia, porque el t\u00edo abuelo de nuestro presidente, Jorge Pasquel Casanueva, es considerado el integrador racial en el b\u00e9isbol. Don Jorge, veracruzano, nacido aqu\u00ed en el puerto de Veracruz, le abri\u00f3 las puertas a todos los jugadores de las ligas negras que en los a\u00f1os 40&#8217;s no pod\u00edan jugar en las Grandes Ligas por su color de piel&#8221;, se\u00f1al\u00f3.<\/p>\n\n\n\n<p>La edici\u00f3n 27 del Festival la Afrocaribe\u00f1o de Veracruz, se llevar\u00e1 a cabo del 2 al 8 de octubre del 2023, y la entrada a todos los eventos ser\u00e1 totalmente gratuita.<\/p>\n","protected":false},"excerpt":{"rendered":"<p>Alejandro \u00c1vila Veracruz, Ver.- La edici\u00f3n 27 del Festival Afrocaribe\u00f1o de Veracruz, tendr\u00e1 como invitados especial al equipo de b\u00e9isbol \u00c1guila de Veracruz; adem\u00e1s, la sede alterna ser\u00e1 el municipio de Medell\u00edn de Bravo. Durante la presentaci\u00f3n del evento en el ex Convento Betlehemita, la directora general del Instituto Veracruzano de Cultura (IVEC), Silvia Alejandra [&hellip;]<\/p>\n","protected":false},"author":2476,"featured_media":45454,"comment_status":"open","ping_status":"open","sticky":false,"template":"","format":"standard","meta":{"_jetpack_memberships_contains_paid_content":false,"footnotes":""},"categories":[2],"tags":[],"class_list":["post-45453","post","type-post","status-publish","format-standard","has-post-thumbnail","hentry","category-estado"],"jetpack_featured_media_url":"https:\/\/encuentroinformativo.com.mx\/wp-content\/uploads\/2023\/09\/IMG-20230920-WA00392.jpg","jetpack_sharing_enabled":true,"jetpack_likes_enabled":true,"amp_enabled":true,"_links":{"self":[{"href":"https:\/\/encuentroinformativo.com.mx\/index.php?rest_route=\/wp\/v2\/posts\/45453","targetHints":{"allow":["GET"]}}],"collection":[{"href":"https:\/\/encuentroinformativo.com.mx\/index.php?rest_route=\/wp\/v2\/posts"}],"about":[{"href":"https:\/\/encuentroinformativo.com.mx\/index.php?rest_route=\/wp\/v2\/types\/post"}],"author":[{"embeddable":true,"href":"https:\/\/encuentroinformativo.com.mx\/index.php?rest_route=\/wp\/v2\/users\/2476"}],"replies":[{"embeddable":true,"href":"https:\/\/encuentroinformativo.com.mx\/index.php?rest_route=%2Fwp%2Fv2%2Fcomments&post=45453"}],"version-history":[{"count":1,"href":"https:\/\/encuentroinformativo.com.mx\/index.php?rest_route=\/wp\/v2\/posts\/45453\/revisions"}],"predecessor-version":[{"id":45455,"href":"https:\/\/encuentroinformativo.com.mx\/index.php?rest_route=\/wp\/v2\/posts\/45453\/revisions\/45455"}],"wp:featuredmedia":[{"embeddable":true,"href":"https:\/\/encuentroinformativo.com.mx\/index.php?rest_route=\/wp\/v2\/media\/45454"}],"wp:attachment":[{"href":"https:\/\/encuentroinformativo.com.mx\/index.php?rest_route=%2Fwp%2Fv2%2Fmedia&parent=45453"}],"wp:term":[{"taxonomy":"category","embeddable":true,"href":"https:\/\/encuentroinformativo.com.mx\/index.php?rest_route=%2Fwp%2Fv2%2Fcategories&post=45453"},{"taxonomy":"post_tag","embeddable":true,"href":"https:\/\/encuentroinformativo.com.mx\/index.php?rest_route=%2Fwp%2Fv2%2Ftags&post=45453"}],"curies":[{"name":"wp","href":"https:\/\/api.w.org\/{rel}","templated":true}]}}