{"id":45456,"date":"2023-09-20T12:48:00","date_gmt":"2023-09-20T18:48:00","guid":{"rendered":"https:\/\/encuentroinformativo.com.mx\/?p=45456"},"modified":"2023-09-20T12:48:04","modified_gmt":"2023-09-20T18:48:04","slug":"se-apuntara-para-las-encuestas-zenyazen-escobar","status":"publish","type":"post","link":"https:\/\/encuentroinformativo.com.mx\/?p=45456","title":{"rendered":"Se apuntar\u00e1 para las encuestas Zenyazen Escobar"},"content":{"rendered":"\n<p><strong>Dar\u00edo Pale <\/strong><\/p>\n\n\n\n<p>Xalapa, Ver.- El titular de la Secretar\u00eda de Educaci\u00f3n de Veracruz (SEV), Zenyazen Escobar Garc\u00eda se registrar\u00e1 para contender por la gubernatura del estado, dijo que es una forma de medir la aceptaci\u00f3n que tiene entre las y los veracruzanos, pero en caso de que no lo favorezca la paridad de g\u00e9nero, buscar\u00e1 la Senadur\u00eda.<\/p>\n\n\n\n<p>A pesar que de que seg\u00fan se inscribir\u00e1 como candidato a la gubernatura del estado de Veracruz coment\u00f3 que continuar\u00e1 apoyando a la a\u00fan Secretaria de Energ\u00eda Roc\u00edo Nahle Garc\u00eda, en la contienda hacia la gubernatura.<\/p>\n\n\n\n<p>Luego de que en redes sociales anunciara su deseo por continuar sirviendo a las y los veracruzanos, Escobar Garc\u00eda puntualiz\u00f3 que solicitar\u00e1 su ingreso en la encuesta que realizar\u00e1 el partido Movimiento de Regeneraci\u00f3n Nacional (MORENA) como una medida que le permita conocer la aceptaci\u00f3n que tiene entre la poblaci\u00f3n.<\/p>\n\n\n\n<p>En caso de que la paridad de g\u00e9nero le impida contender por el m\u00e1ximo cargo del Poder Ejecutivo estatal, continuar\u00e1 el proceso para lograr un esca\u00f1o en la C\u00e1mara Alta del Congreso de la Uni\u00f3n.<\/p>\n\n\n\n<p>\u201cPero deseo aclarar que en todo momento estar\u00edamos apoyando a la ingeniero Roc\u00edo Nahle por la gubernatura del estado de Veracruz\u201d, afirm\u00f3.<\/p>\n\n\n\n<p>Del mismo modo, expres\u00f3 que la convocatoria del Instituto Nacional Electoral marca 90 d\u00edas antes del proceso electoral para separarse del cargo, por lo que se encuentra en tiempo y forma para continuar su labor como secretario de Educaci\u00f3n, antes de separarse del cargo.<\/p>\n","protected":false},"excerpt":{"rendered":"<p>Dar\u00edo Pale Xalapa, Ver.- El titular de la Secretar\u00eda de Educaci\u00f3n de Veracruz (SEV), Zenyazen Escobar Garc\u00eda se registrar\u00e1 para contender por la gubernatura del estado, dijo que es una forma de medir la aceptaci\u00f3n que tiene entre las y los veracruzanos, pero en caso de que no lo favorezca la paridad de g\u00e9nero, buscar\u00e1 [&hellip;]<\/p>\n","protected":false},"author":2476,"featured_media":45457,"comment_status":"open","ping_status":"open","sticky":false,"template":"","format":"standard","meta":{"_jetpack_memberships_contains_paid_content":false,"footnotes":""},"categories":[2],"tags":[],"class_list":["post-45456","post","type-post","status-publish","format-standard","has-post-thumbnail","hentry","category-estado"],"jetpack_featured_media_url":"https:\/\/encuentroinformativo.com.mx\/wp-content\/uploads\/2023\/09\/IMG-20230920-WA0036.jpg","jetpack_sharing_enabled":true,"jetpack_likes_enabled":true,"amp_enabled":true,"_links":{"self":[{"href":"https:\/\/encuentroinformativo.com.mx\/index.php?rest_route=\/wp\/v2\/posts\/45456","targetHints":{"allow":["GET"]}}],"collection":[{"href":"https:\/\/encuentroinformativo.com.mx\/index.php?rest_route=\/wp\/v2\/posts"}],"about":[{"href":"https:\/\/encuentroinformativo.com.mx\/index.php?rest_route=\/wp\/v2\/types\/post"}],"author":[{"embeddable":true,"href":"https:\/\/encuentroinformativo.com.mx\/index.php?rest_route=\/wp\/v2\/users\/2476"}],"replies":[{"embeddable":true,"href":"https:\/\/encuentroinformativo.com.mx\/index.php?rest_route=%2Fwp%2Fv2%2Fcomments&post=45456"}],"version-history":[{"count":1,"href":"https:\/\/encuentroinformativo.com.mx\/index.php?rest_route=\/wp\/v2\/posts\/45456\/revisions"}],"predecessor-version":[{"id":45458,"href":"https:\/\/encuentroinformativo.com.mx\/index.php?rest_route=\/wp\/v2\/posts\/45456\/revisions\/45458"}],"wp:featuredmedia":[{"embeddable":true,"href":"https:\/\/encuentroinformativo.com.mx\/index.php?rest_route=\/wp\/v2\/media\/45457"}],"wp:attachment":[{"href":"https:\/\/encuentroinformativo.com.mx\/index.php?rest_route=%2Fwp%2Fv2%2Fmedia&parent=45456"}],"wp:term":[{"taxonomy":"category","embeddable":true,"href":"https:\/\/encuentroinformativo.com.mx\/index.php?rest_route=%2Fwp%2Fv2%2Fcategories&post=45456"},{"taxonomy":"post_tag","embeddable":true,"href":"https:\/\/encuentroinformativo.com.mx\/index.php?rest_route=%2Fwp%2Fv2%2Ftags&post=45456"}],"curies":[{"name":"wp","href":"https:\/\/api.w.org\/{rel}","templated":true}]}}