{"id":45462,"date":"2023-09-20T13:50:23","date_gmt":"2023-09-20T19:50:23","guid":{"rendered":"https:\/\/encuentroinformativo.com.mx\/?p=45462"},"modified":"2023-09-20T13:50:26","modified_gmt":"2023-09-20T19:50:26","slug":"se-mantiene-blindaje-de-recursos-y-programas-segun-sedesol","status":"publish","type":"post","link":"https:\/\/encuentroinformativo.com.mx\/?p=45462","title":{"rendered":"Se mantiene blindaje de recursos y programas, seg\u00fan SEDESOL"},"content":{"rendered":"\n<p><strong>Dar\u00edo Pale <\/strong><\/p>\n\n\n\n<p>Xalapa, Ver.- El Gobernador pidi\u00f3 a su gabinete se comporte a la &#8220;altura&#8221;, dice el secretario de SEDESOL que no hubo jal\u00f3n de orejas, y presume que han sacado de la pobreza extrema a m\u00e1s de 500 mil veracruzanos, as\u00ed lo dio a conocer el titular de dicha dependencia Guillermo Fern\u00e1ndez S\u00e1nchez.<\/p>\n\n\n\n<p>En entrevista posterior a la guardia de honor en el parque de los Berros, revel\u00f3 que el gobernador Cuitl\u00e1huac Garc\u00eda Jim\u00e9nez le pidi\u00f3 a los integrantes de su gabinete, en una reuni\u00f3n, que se comporten a la &#8220;altura&#8221;.<\/p>\n\n\n\n<p>Explic\u00f3 que la manera de comportarse a la altura es blindando los recursos materiales, veh\u00edculos y material que reparten para que no se usen con fines partidistas.<\/p>\n\n\n\n<p>&#8220;Que no se haga para esos fines, que sigamoslo haciendo bien y que los compa\u00f1eros que decidan asistir a un evento, que lo hagan fuera de sus horarios de trabajo&#8221;, se\u00f1al\u00f3.<\/p>\n\n\n\n<p>&#8220;Lo hemos hecho por cuatro a\u00f1os (sic.), este es el quinto y hasta ahorita lo hemos hecho bien&#8221;, agreg\u00f3 y neg\u00f3 que haya habido jal\u00f3n de orejas.<\/p>\n\n\n\n<p>Sostuvo que al contrario, el Ejecutivo los felicit\u00f3 porque en casi todos los rubros han salido muy bien calificados, pero tambi\u00e9n les pidi\u00f3 cerrar lo mejor que puedan y que eviten actos de corruptos, &#8220;que evitemos al m\u00e1ximo el mal uso del presupuesto&#8221;.<\/p>\n\n\n\n<p>En otro orden de ideas , sostuvo que han sacado de la pobreza extrema a m\u00e1s de 500 mil veracruzanos en estos a\u00f1os, incluso presumi\u00f3 que fueron el primer lugar nacional en hacer eso.<\/p>\n\n\n\n<p>A tres meses de concluir el presente ejercicio fiscal, expuso que para este a\u00f1o decidieron hacer la obra social en tres dispersiones, pero apenas concluy\u00f3 la segunda.<\/p>\n\n\n\n<p>&#8220;Estamos a muy bien tiempo de cerrar el a\u00f1o y obviamente, con los resultados que hemos tenido, como no hemos bajado la guardia, no hemos cambiado la estrategia, estamos enfocados a atender a personas que realmente lo necesitan&#8221;, coment\u00f3.<\/p>\n\n\n\n<p>Refiri\u00f3 que el Coneval mide la pobreza de manera multifactorial y multifuncional, adem\u00e1s de que hay indicadores de acceso a la alimentaci\u00f3n de buena calidad, condiciones de vivienda, educaci\u00f3n, entre otros.<\/p>\n\n\n\n<p>Por \u00faltimo coment\u00f3 que, &#8220;y a nosotros nos da mucho gusto porque Veracruz en cada uno de ellos si no ocupamos el primero o el segundo&#8221;.<\/p>\n","protected":false},"excerpt":{"rendered":"<p>Dar\u00edo Pale Xalapa, Ver.- El Gobernador pidi\u00f3 a su gabinete se comporte a la &#8220;altura&#8221;, dice el secretario de SEDESOL que no hubo jal\u00f3n de orejas, y presume que han sacado de la pobreza extrema a m\u00e1s de 500 mil veracruzanos, as\u00ed lo dio a conocer el titular de dicha dependencia Guillermo Fern\u00e1ndez S\u00e1nchez. En [&hellip;]<\/p>\n","protected":false},"author":2476,"featured_media":45463,"comment_status":"open","ping_status":"open","sticky":false,"template":"","format":"standard","meta":{"_jetpack_memberships_contains_paid_content":false,"footnotes":""},"categories":[2],"tags":[],"class_list":["post-45462","post","type-post","status-publish","format-standard","has-post-thumbnail","hentry","category-estado"],"jetpack_featured_media_url":"https:\/\/encuentroinformativo.com.mx\/wp-content\/uploads\/2023\/09\/IMG-20230920-WA00442.jpg","jetpack_sharing_enabled":true,"jetpack_likes_enabled":true,"amp_enabled":true,"_links":{"self":[{"href":"https:\/\/encuentroinformativo.com.mx\/index.php?rest_route=\/wp\/v2\/posts\/45462","targetHints":{"allow":["GET"]}}],"collection":[{"href":"https:\/\/encuentroinformativo.com.mx\/index.php?rest_route=\/wp\/v2\/posts"}],"about":[{"href":"https:\/\/encuentroinformativo.com.mx\/index.php?rest_route=\/wp\/v2\/types\/post"}],"author":[{"embeddable":true,"href":"https:\/\/encuentroinformativo.com.mx\/index.php?rest_route=\/wp\/v2\/users\/2476"}],"replies":[{"embeddable":true,"href":"https:\/\/encuentroinformativo.com.mx\/index.php?rest_route=%2Fwp%2Fv2%2Fcomments&post=45462"}],"version-history":[{"count":1,"href":"https:\/\/encuentroinformativo.com.mx\/index.php?rest_route=\/wp\/v2\/posts\/45462\/revisions"}],"predecessor-version":[{"id":45464,"href":"https:\/\/encuentroinformativo.com.mx\/index.php?rest_route=\/wp\/v2\/posts\/45462\/revisions\/45464"}],"wp:featuredmedia":[{"embeddable":true,"href":"https:\/\/encuentroinformativo.com.mx\/index.php?rest_route=\/wp\/v2\/media\/45463"}],"wp:attachment":[{"href":"https:\/\/encuentroinformativo.com.mx\/index.php?rest_route=%2Fwp%2Fv2%2Fmedia&parent=45462"}],"wp:term":[{"taxonomy":"category","embeddable":true,"href":"https:\/\/encuentroinformativo.com.mx\/index.php?rest_route=%2Fwp%2Fv2%2Fcategories&post=45462"},{"taxonomy":"post_tag","embeddable":true,"href":"https:\/\/encuentroinformativo.com.mx\/index.php?rest_route=%2Fwp%2Fv2%2Ftags&post=45462"}],"curies":[{"name":"wp","href":"https:\/\/api.w.org\/{rel}","templated":true}]}}