{"id":45465,"date":"2023-09-20T13:56:48","date_gmt":"2023-09-20T19:56:48","guid":{"rendered":"https:\/\/encuentroinformativo.com.mx\/?p=45465"},"modified":"2023-09-20T13:56:53","modified_gmt":"2023-09-20T19:56:53","slug":"aporto-federacion-5-mdp-para-eventos-del-ivec","status":"publish","type":"post","link":"https:\/\/encuentroinformativo.com.mx\/?p=45465","title":{"rendered":"Aport\u00f3 Federaci\u00f3n 5 mdp para eventos del IVEC"},"content":{"rendered":"\n<p><strong>Alejandro \u00c1vila<\/strong><\/p>\n\n\n\n<p>Veracruz, Ver.- El Festival Afrocaribe\u00f1o y otros cuatro eventos culturales fueron los \u00fanicos que obtuvieron recurso federal en este 2023; en esta ocasi\u00f3n se dej\u00f3 fuera al Festival &#8220;Emilio Carballido&#8221;.<\/p>\n\n\n\n<p>La directora general del Instituto Veracruzano de Cultura, Silvia Alejandre Prado, se\u00f1al\u00f3 que diferencia de otras entidades federativas, en Veracruz el Estado aporta casi el 50 por ciento de los recursos para los eventos culturales.<\/p>\n\n\n\n<p>La funcionaria estatal dijo que para el Festival Afrocaribe\u00f1o Veracruz 2023, el total de la inversi\u00f3n ser\u00e1 de 1.5 millones de pesos, aportado en 50 y 50 entre el Estado y la Federaci\u00f3n.<\/p>\n\n\n\n<p>Este a\u00f1o la Secretar\u00eda de Turismo Federal a trav\u00e9s de PROFEST, AIEC aport\u00f3 a Veracruz 5 millones de pesos para la Feria del Libro, el Encuentro de Coros, Tesoros Humanos Vivos (primera vez que obtiene presupuesto), la Bienal de Cer\u00e1mica (se intercala anualmente con la Bienal de Arte) y el Festival Afrocaribe\u00f1o.<\/p>\n\n\n\n<p>&#8220;Es el caso del Festival Emilio Carballido, no result\u00f3 beneficiado este a\u00f1o y est\u00e1 haciendo su Festival con apoyo del Ayuntamiento de C\u00f3rdoba y la iniciativa privada (\u2026) este a\u00f1o para Veracruz yo creo que habr\u00e1n sido alrededor de 5 millones, pero afortunadamente durante este sexenio el recurso estatal ha fluido en tiempo y forma, y es por eso que Veracruz est\u00e1 en condiciones de aplicar a estas convocatorias, si no estuvi\u00e9ramos contando con el recurso estatal no podr\u00edamos participar, es lo que le sucede a varias instancias de cultura en otros estados&#8221;, remat\u00f3.<\/p>\n","protected":false},"excerpt":{"rendered":"<p>Alejandro \u00c1vila Veracruz, Ver.- El Festival Afrocaribe\u00f1o y otros cuatro eventos culturales fueron los \u00fanicos que obtuvieron recurso federal en este 2023; en esta ocasi\u00f3n se dej\u00f3 fuera al Festival &#8220;Emilio Carballido&#8221;. La directora general del Instituto Veracruzano de Cultura, Silvia Alejandre Prado, se\u00f1al\u00f3 que diferencia de otras entidades federativas, en Veracruz el Estado aporta [&hellip;]<\/p>\n","protected":false},"author":2476,"featured_media":45466,"comment_status":"open","ping_status":"open","sticky":false,"template":"","format":"standard","meta":{"_jetpack_memberships_contains_paid_content":false,"footnotes":""},"categories":[2],"tags":[],"class_list":["post-45465","post","type-post","status-publish","format-standard","has-post-thumbnail","hentry","category-estado"],"jetpack_featured_media_url":"https:\/\/encuentroinformativo.com.mx\/wp-content\/uploads\/2023\/09\/IMG-20230920-WA0054.jpg","jetpack_sharing_enabled":true,"jetpack_likes_enabled":true,"amp_enabled":true,"_links":{"self":[{"href":"https:\/\/encuentroinformativo.com.mx\/index.php?rest_route=\/wp\/v2\/posts\/45465","targetHints":{"allow":["GET"]}}],"collection":[{"href":"https:\/\/encuentroinformativo.com.mx\/index.php?rest_route=\/wp\/v2\/posts"}],"about":[{"href":"https:\/\/encuentroinformativo.com.mx\/index.php?rest_route=\/wp\/v2\/types\/post"}],"author":[{"embeddable":true,"href":"https:\/\/encuentroinformativo.com.mx\/index.php?rest_route=\/wp\/v2\/users\/2476"}],"replies":[{"embeddable":true,"href":"https:\/\/encuentroinformativo.com.mx\/index.php?rest_route=%2Fwp%2Fv2%2Fcomments&post=45465"}],"version-history":[{"count":1,"href":"https:\/\/encuentroinformativo.com.mx\/index.php?rest_route=\/wp\/v2\/posts\/45465\/revisions"}],"predecessor-version":[{"id":45467,"href":"https:\/\/encuentroinformativo.com.mx\/index.php?rest_route=\/wp\/v2\/posts\/45465\/revisions\/45467"}],"wp:featuredmedia":[{"embeddable":true,"href":"https:\/\/encuentroinformativo.com.mx\/index.php?rest_route=\/wp\/v2\/media\/45466"}],"wp:attachment":[{"href":"https:\/\/encuentroinformativo.com.mx\/index.php?rest_route=%2Fwp%2Fv2%2Fmedia&parent=45465"}],"wp:term":[{"taxonomy":"category","embeddable":true,"href":"https:\/\/encuentroinformativo.com.mx\/index.php?rest_route=%2Fwp%2Fv2%2Fcategories&post=45465"},{"taxonomy":"post_tag","embeddable":true,"href":"https:\/\/encuentroinformativo.com.mx\/index.php?rest_route=%2Fwp%2Fv2%2Ftags&post=45465"}],"curies":[{"name":"wp","href":"https:\/\/api.w.org\/{rel}","templated":true}]}}