{"id":4547,"date":"2020-07-30T15:26:35","date_gmt":"2020-07-30T20:26:35","guid":{"rendered":"https:\/\/encuentroinformativo.com\/?p=4547"},"modified":"2020-07-30T15:26:41","modified_gmt":"2020-07-30T20:26:41","slug":"rechaza-pan-nombramiento-de-magistrados-diputados-azules-votan-a-favor","status":"publish","type":"post","link":"https:\/\/encuentroinformativo.com.mx\/?p=4547","title":{"rendered":"Rechaza PAN nombramiento de magistrados; diputados azules votan a favor"},"content":{"rendered":"\n<p><strong>Juan Arcos<\/strong><\/p>\n\n\n\n<p>Xalapa, Ver.- El dirigente estatal del Partido Acci\u00f3n Nacional (PAN), Joaqu\u00edn Guzm\u00e1n Avil\u00e9s, se pronunci\u00f3 en contra de la propuesta para la designaci\u00f3n de seis magistrados en el Tribunal Superior de Justicia del Estado.<br>En ese sentido, consider\u00f3 que lo m\u00e1s grave es que intentan ocupar espacios de suma importancia con gente que no est\u00e1 preparada.\u00a0<\/p>\n\n\n\n<p>Cabe recordar que el gobernador Cuitl\u00e1huac Garc\u00eda Jim\u00e9nez envi\u00f3 una propuesta para ocupar las seis vacantes en el Poder Judicial.<br>Se trata de Alma Rosa Flores Ceballos, Lizbeth Aurelia Jim\u00e9nez Aguirre, Itzel Castro Castillo, Mar\u00eda Lilia Viveros Ram\u00edrez, Aileth Garc\u00eda Cayetano y Antonio Sobrevilla Castillo.\u00a0<\/p>\n\n\n\n<p>A juicio del l\u00edder albiazul, las seis personas son cercanas al Movimiento de Regeneraci\u00f3n Nacional (Morena), partido pol\u00edtico en el poder.<br>En ese sentido, indic\u00f3 que ha dialogado con los diputados locales del PAN para que el voto en el Congreso sobre este tema sea en contra.<\/p>\n\n\n\n<p>\u201cEl Partido Acci\u00f3n Nacional est\u00e1 en contra de esa designaci\u00f3n, ya que tienen algunos conflictos legales dentro de lo que es el poder judicial, hay tres magistrados que est\u00e1n amparados y que obviamente al elegir otros seis, tendr\u00edan la posibilidad de tener nueve\u201d.<\/p>\n\n\n\n<p>En ese sentido, exigi\u00f3 a Morena que \u201csaque las manos\u201d del proceso para la designaci\u00f3n de magistrados y que sean nombradas las personas con mayor capacidad para desempe\u00f1ar ese cargo.<\/p>\n\n\n\n<p><\/p>\n\n\n\n<p><\/p>\n","protected":false},"excerpt":{"rendered":"<p>Juan Arcos Xalapa, Ver.- El dirigente estatal del Partido Acci\u00f3n Nacional (PAN), Joaqu\u00edn Guzm\u00e1n Avil\u00e9s, se pronunci\u00f3 en contra de la propuesta para la designaci\u00f3n de seis magistrados en el Tribunal Superior de Justicia del Estado.En ese sentido, consider\u00f3 que lo m\u00e1s grave es que intentan ocupar espacios de suma importancia con gente que no [&hellip;]<\/p>\n","protected":false},"author":1,"featured_media":2065,"comment_status":"open","ping_status":"open","sticky":false,"template":"","format":"standard","meta":{"_jetpack_memberships_contains_paid_content":false,"footnotes":""},"categories":[2],"tags":[],"class_list":["post-4547","post","type-post","status-publish","format-standard","has-post-thumbnail","hentry","category-estado"],"jetpack_featured_media_url":"https:\/\/encuentroinformativo.com.mx\/wp-content\/uploads\/2020\/04\/D4A576B1-BBBD-46AB-8DBB-31CF657C6138.jpeg","jetpack_sharing_enabled":true,"jetpack_likes_enabled":true,"amp_enabled":true,"_links":{"self":[{"href":"https:\/\/encuentroinformativo.com.mx\/index.php?rest_route=\/wp\/v2\/posts\/4547","targetHints":{"allow":["GET"]}}],"collection":[{"href":"https:\/\/encuentroinformativo.com.mx\/index.php?rest_route=\/wp\/v2\/posts"}],"about":[{"href":"https:\/\/encuentroinformativo.com.mx\/index.php?rest_route=\/wp\/v2\/types\/post"}],"author":[{"embeddable":true,"href":"https:\/\/encuentroinformativo.com.mx\/index.php?rest_route=\/wp\/v2\/users\/1"}],"replies":[{"embeddable":true,"href":"https:\/\/encuentroinformativo.com.mx\/index.php?rest_route=%2Fwp%2Fv2%2Fcomments&post=4547"}],"version-history":[{"count":1,"href":"https:\/\/encuentroinformativo.com.mx\/index.php?rest_route=\/wp\/v2\/posts\/4547\/revisions"}],"predecessor-version":[{"id":4548,"href":"https:\/\/encuentroinformativo.com.mx\/index.php?rest_route=\/wp\/v2\/posts\/4547\/revisions\/4548"}],"wp:featuredmedia":[{"embeddable":true,"href":"https:\/\/encuentroinformativo.com.mx\/index.php?rest_route=\/wp\/v2\/media\/2065"}],"wp:attachment":[{"href":"https:\/\/encuentroinformativo.com.mx\/index.php?rest_route=%2Fwp%2Fv2%2Fmedia&parent=4547"}],"wp:term":[{"taxonomy":"category","embeddable":true,"href":"https:\/\/encuentroinformativo.com.mx\/index.php?rest_route=%2Fwp%2Fv2%2Fcategories&post=4547"},{"taxonomy":"post_tag","embeddable":true,"href":"https:\/\/encuentroinformativo.com.mx\/index.php?rest_route=%2Fwp%2Fv2%2Ftags&post=4547"}],"curies":[{"name":"wp","href":"https:\/\/api.w.org\/{rel}","templated":true}]}}