{"id":45483,"date":"2023-09-21T09:43:46","date_gmt":"2023-09-21T15:43:46","guid":{"rendered":"https:\/\/encuentroinformativo.com.mx\/?p=45483"},"modified":"2023-09-21T09:43:50","modified_gmt":"2023-09-21T15:43:50","slug":"aplicando-la-de-chavela","status":"publish","type":"post","link":"https:\/\/encuentroinformativo.com.mx\/?p=45483","title":{"rendered":"APLICANDO LA DE CHAVELA"},"content":{"rendered":"\n<p><strong>Los Pol\u00edticos<\/strong><\/p>\n\n\n\n<p><strong>Salvador Mu\u00f1oz<\/strong><\/p>\n\n\n\n<p>Cuando Fernando Guti\u00e9rrez Barrios fue lanzado como candidato a la gubernatura de Veracruz, los s\u00edmbolos que utiliz\u00f3 para su campa\u00f1a fue una guayabera y un paliacate en el cuello, muy caracter\u00edstico del atuendo porte\u00f1o. La cr\u00edtica de sus oponentes era que dichas prendas realmente no te hac\u00edan veracruzano, en alusi\u00f3n a que don Fernando, el Hombre Leyenda, toda su vida la hab\u00eda hecho fuera del Estado, en el Altiplano\u2026<\/p>\n\n\n\n<p>Siendo sinceros, en el Priato, parec\u00eda ser un requisito \u00e9se\u2026 no estar en Veracruz, no hacer vida en Veracruz, y s\u00f3lo hacer acto de presencia en Veracruz en forma de candidato cuando as\u00ed lo dictaminara el Se\u00f1or Presidente\u2026 ah\u00ed est\u00e1 el ejemplo de Agust\u00edn Acosta Lagunes, Patricio Chirinos Calero y Miguel Alem\u00e1n, por citar los que ya fueron y vivieron las mieles del poder supremo.<\/p>\n\n\n\n<p>Lo platicado viene a colaci\u00f3n por dos o tres temas que espero que en la \u201cescribida\u201d, no se me olviden\u2026<\/p>\n\n\n\n<p>Primero, Roc\u00edo Nahle, quien ha sido motivo de cr\u00edticas luego de que apareciera vestida con un atuendo t\u00edpico veracruzano, por cierto, elaborado en Tlacotalpan.<\/p>\n\n\n\n<p>De cierto modo dichas cr\u00edticas recuerdan los se\u00f1alamientos que le hicieron en su momento a don Fernando: \u201cno por vestirte como tal, te hace tal\u201d y eso que se supone que don Fernando era veracruzano. Nahle, como muchos personajes de nuestro Veracruz cotidiano, no naci\u00f3 en la entidad pero lleva a\u00f1os, muchos, viviendo aqu\u00ed como muchos que hoy son alcaldes, diputados locales y federales as\u00ed como funcionarios de Gobierno\u2026<\/p>\n\n\n\n<p>Vamos con Eric Cisneros Burgos. Los que no quieren a Nahle por no ser veracruzana de nacimiento, \u00bfentonces querr\u00e1n a un veracruzano&nbsp; como Bola 8 cuyas aguas del Papaloapan lo arrullaron siendo un pedacito de carb\u00f3n? \u00bfQu\u00e9 \u201cPero\u201d le ponen? \u00a1Ah! \u00a1Es de Morena! Y tiene poco que volvi\u00f3 a Veracruz. Tambi\u00e9n gusta de usar indumentaria propia del veracruzano \u00bfo el cuenque\u00f1o? Guayabera, paliacate y agregando el sombrero de cuatro pedradas\u2026<\/p>\n\n\n\n<p>Caso similar pudiera darse con Sergio Guti\u00e9rrez Luna, quien su vida laboral y pol\u00edtica la ha desarrollado en diferentes puntos del pa\u00eds pero que hoy tiene sus ojos pispiretos en la Gubernatura de Veracruz\u2026 he escuchado a morenos, pri\u00edstas, panistas y hasta uno que otro redactor que no les desagradar\u00eda un Gobernador como Cheko\u2026 tan as\u00ed cae bien el de Mina, que olvidan que cae en los escenarios de los pri\u00edstas y Bola 8 ac\u00e1 citados\u2026<\/p>\n\n\n\n<p>Por \u00faltimo, hay que citar la nueva faceta de Alberto El Cisne Silva Ramos: \u00a1Comediante! La anterior faceta fue la de \u201cDestapador\u201d. Recuerden que fue el tuxpe\u00f1o quien alz\u00f3 el brazo de Manuel \u201cEl G\u00fcero\u201d Velasco como Gallo para\u2026 no, como Tuc\u00e1n para la Presidencia aunque ya qued\u00f3 en el camino.<\/p>\n\n\n\n<p>Quiz\u00e1s por eso ahora, el Cisne, quien ven\u00eda enfilado para ser un aspirante a candidato a la Gubernatura, se baj\u00f3 (en todos los sentidos) para cederle el lugar a Javier Herrera Borunda, quien de cierto modo cae en el mismo pantano que Bola 8 y Cheko, aunque dicho sea de paso, al menos el de Mina ha hecho m\u00e1s presencia en Veracruz en casi tres a\u00f1os, que lo que Javier en toda su vida.<\/p>\n\n\n\n<p>Como sea, quien sea, cuando sea, al final, de nada valdr\u00e1n nuestra defensa f\u00e9rrea regionalista, las arengas de Veracruz para los veracruzanos\u2026 o para los Yunes, porque la realidad es que nuestros pol\u00edticos siempre hacen lo que quieren, aplicando de manera muy simple la de Chavela: los veracruzanos nacemos donde se nos da la rechingada gana\u2026 remember a Agust\u00edn Lara!<\/p>\n","protected":false},"excerpt":{"rendered":"<p>Los Pol\u00edticos Salvador Mu\u00f1oz Cuando Fernando Guti\u00e9rrez Barrios fue lanzado como candidato a la gubernatura de Veracruz, los s\u00edmbolos que utiliz\u00f3 para su campa\u00f1a fue una guayabera y un paliacate en el cuello, muy caracter\u00edstico del atuendo porte\u00f1o. La cr\u00edtica de sus oponentes era que dichas prendas realmente no te hac\u00edan veracruzano, en alusi\u00f3n a [&hellip;]<\/p>\n","protected":false},"author":2476,"featured_media":387,"comment_status":"open","ping_status":"open","sticky":false,"template":"","format":"standard","meta":{"_jetpack_memberships_contains_paid_content":false,"footnotes":""},"categories":[11],"tags":[],"class_list":["post-45483","post","type-post","status-publish","format-standard","has-post-thumbnail","hentry","category-opinion"],"jetpack_featured_media_url":"https:\/\/encuentroinformativo.com.mx\/wp-content\/uploads\/2020\/03\/7CF8A22B-2764-47BE-8F7F-38FE9E5D6A2F.jpeg","jetpack_sharing_enabled":true,"jetpack_likes_enabled":true,"amp_enabled":true,"_links":{"self":[{"href":"https:\/\/encuentroinformativo.com.mx\/index.php?rest_route=\/wp\/v2\/posts\/45483","targetHints":{"allow":["GET"]}}],"collection":[{"href":"https:\/\/encuentroinformativo.com.mx\/index.php?rest_route=\/wp\/v2\/posts"}],"about":[{"href":"https:\/\/encuentroinformativo.com.mx\/index.php?rest_route=\/wp\/v2\/types\/post"}],"author":[{"embeddable":true,"href":"https:\/\/encuentroinformativo.com.mx\/index.php?rest_route=\/wp\/v2\/users\/2476"}],"replies":[{"embeddable":true,"href":"https:\/\/encuentroinformativo.com.mx\/index.php?rest_route=%2Fwp%2Fv2%2Fcomments&post=45483"}],"version-history":[{"count":1,"href":"https:\/\/encuentroinformativo.com.mx\/index.php?rest_route=\/wp\/v2\/posts\/45483\/revisions"}],"predecessor-version":[{"id":45484,"href":"https:\/\/encuentroinformativo.com.mx\/index.php?rest_route=\/wp\/v2\/posts\/45483\/revisions\/45484"}],"wp:featuredmedia":[{"embeddable":true,"href":"https:\/\/encuentroinformativo.com.mx\/index.php?rest_route=\/wp\/v2\/media\/387"}],"wp:attachment":[{"href":"https:\/\/encuentroinformativo.com.mx\/index.php?rest_route=%2Fwp%2Fv2%2Fmedia&parent=45483"}],"wp:term":[{"taxonomy":"category","embeddable":true,"href":"https:\/\/encuentroinformativo.com.mx\/index.php?rest_route=%2Fwp%2Fv2%2Fcategories&post=45483"},{"taxonomy":"post_tag","embeddable":true,"href":"https:\/\/encuentroinformativo.com.mx\/index.php?rest_route=%2Fwp%2Fv2%2Ftags&post=45483"}],"curies":[{"name":"wp","href":"https:\/\/api.w.org\/{rel}","templated":true}]}}