{"id":45488,"date":"2023-09-21T10:23:59","date_gmt":"2023-09-21T16:23:59","guid":{"rendered":"https:\/\/encuentroinformativo.com.mx\/?p=45488"},"modified":"2023-09-21T10:24:02","modified_gmt":"2023-09-21T16:24:02","slug":"realizan-con-exito-cirugias-gratuitas-de-cataratas-a-medellinenses","status":"publish","type":"post","link":"https:\/\/encuentroinformativo.com.mx\/?p=45488","title":{"rendered":"Realizan con \u00e9xito cirug\u00edas gratuitas de cataratas a medellinenses"},"content":{"rendered":"\n<p><strong>Alejandro \u00c1vila<\/strong><\/p>\n\n\n\n<p>Medell\u00edn de Bravo, Ver.- El pasado 19 de septiembre se realizaron con \u00e9xito operaciones de cataratas gratuitas a un grupo de medell\u00ednenses de escasos recursos, inform\u00f3 el empresario, Guillermo Herrada Jim\u00e9nez.<\/p>\n\n\n\n<p>Cabe destacar que la gesti\u00f3n para que se dieran estas cirug\u00edas corri\u00f3 a cargo de la Asociaci\u00f3n Civil Medell\u00edn en Movimiento (MEMO A.C.), la cual intervino para que la Fundaci\u00f3n S\u00e1nchez Ancira y el Hospital Covadonga, dieran atenci\u00f3n a las personas, en su mayor\u00eda de la tercera edad.<\/p>\n\n\n\n<p>Seg\u00fan los Datos del Instituto Nacional de Estad\u00edstica y Geograf\u00eda (INEGI), en M\u00e9xico hay cerca de 3 millones personas con cataratas y, se estima que cada a\u00f1o se suman 140 mil nuevos casos, condici\u00f3n que puede desencadenar en p\u00e9rdidas econ\u00f3micas significativas tanto para el que lo padece, como para los familiares si no es atendido a tiempo.<\/p>\n\n\n\n<p>Este mi\u00e9rcoles 20 de septiembre, se realiz\u00f3 una ceremonia simb\u00f3lica con la presencia de directivos y cuerpo m\u00e9dico del Hospital Covadonga, donde se hizo el retiro de parches a los beneficiados, los cuales pudieron recuperar la visi\u00f3n.<\/p>\n\n\n\n<p>\u201cHoy me siento muy feliz y muy contento, me encuentro en las instalaciones del Hospital Covadonga de Boca del R\u00edo, donde gracias al trabajo conjunto entre la Fundaci\u00f3n S\u00e1nchez Ancira y MEMO A.C., retiramos los parches de los medellinenses que fueron beneficiados con cirug\u00edas gratuitas de cataratas, seguir\u00e9 cumpliendo mis promesas de apoyar a mi querido Medell\u00edn\u201d, manifest\u00f3 Herrada Jim\u00e9nez.&nbsp;<\/p>\n\n\n\n<p>Cabe destacar que m\u00e1s del 50% de las personas mayores de 65 a\u00f1os padecen cataratas. Este padecimiento es la primera causa de ceguera reversible en M\u00e9xico representando el 34% del total de casos, cifras que aumentan por la falta de recursos de la ciudadan\u00eda para poder realizar las cirug\u00edas en instituciones privadas.<\/p>\n","protected":false},"excerpt":{"rendered":"<p>Alejandro \u00c1vila Medell\u00edn de Bravo, Ver.- El pasado 19 de septiembre se realizaron con \u00e9xito operaciones de cataratas gratuitas a un grupo de medell\u00ednenses de escasos recursos, inform\u00f3 el empresario, Guillermo Herrada Jim\u00e9nez. Cabe destacar que la gesti\u00f3n para que se dieran estas cirug\u00edas corri\u00f3 a cargo de la Asociaci\u00f3n Civil Medell\u00edn en Movimiento (MEMO [&hellip;]<\/p>\n","protected":false},"author":2476,"featured_media":45489,"comment_status":"open","ping_status":"open","sticky":false,"template":"","format":"standard","meta":{"_jetpack_memberships_contains_paid_content":false,"footnotes":""},"categories":[9],"tags":[],"class_list":["post-45488","post","type-post","status-publish","format-standard","has-post-thumbnail","hentry","category-salud"],"jetpack_featured_media_url":"https:\/\/encuentroinformativo.com.mx\/wp-content\/uploads\/2023\/09\/IMG-20230921-WA0015.jpg","jetpack_sharing_enabled":true,"jetpack_likes_enabled":true,"amp_enabled":true,"_links":{"self":[{"href":"https:\/\/encuentroinformativo.com.mx\/index.php?rest_route=\/wp\/v2\/posts\/45488","targetHints":{"allow":["GET"]}}],"collection":[{"href":"https:\/\/encuentroinformativo.com.mx\/index.php?rest_route=\/wp\/v2\/posts"}],"about":[{"href":"https:\/\/encuentroinformativo.com.mx\/index.php?rest_route=\/wp\/v2\/types\/post"}],"author":[{"embeddable":true,"href":"https:\/\/encuentroinformativo.com.mx\/index.php?rest_route=\/wp\/v2\/users\/2476"}],"replies":[{"embeddable":true,"href":"https:\/\/encuentroinformativo.com.mx\/index.php?rest_route=%2Fwp%2Fv2%2Fcomments&post=45488"}],"version-history":[{"count":1,"href":"https:\/\/encuentroinformativo.com.mx\/index.php?rest_route=\/wp\/v2\/posts\/45488\/revisions"}],"predecessor-version":[{"id":45490,"href":"https:\/\/encuentroinformativo.com.mx\/index.php?rest_route=\/wp\/v2\/posts\/45488\/revisions\/45490"}],"wp:featuredmedia":[{"embeddable":true,"href":"https:\/\/encuentroinformativo.com.mx\/index.php?rest_route=\/wp\/v2\/media\/45489"}],"wp:attachment":[{"href":"https:\/\/encuentroinformativo.com.mx\/index.php?rest_route=%2Fwp%2Fv2%2Fmedia&parent=45488"}],"wp:term":[{"taxonomy":"category","embeddable":true,"href":"https:\/\/encuentroinformativo.com.mx\/index.php?rest_route=%2Fwp%2Fv2%2Fcategories&post=45488"},{"taxonomy":"post_tag","embeddable":true,"href":"https:\/\/encuentroinformativo.com.mx\/index.php?rest_route=%2Fwp%2Fv2%2Ftags&post=45488"}],"curies":[{"name":"wp","href":"https:\/\/api.w.org\/{rel}","templated":true}]}}