{"id":45494,"date":"2023-09-21T11:22:05","date_gmt":"2023-09-21T17:22:05","guid":{"rendered":"https:\/\/encuentroinformativo.com.mx\/?p=45494"},"modified":"2023-09-21T11:22:10","modified_gmt":"2023-09-21T17:22:10","slug":"congreso-de-veracruz-capacitara-a-ayuntamientos-como-puntos-violeta","status":"publish","type":"post","link":"https:\/\/encuentroinformativo.com.mx\/?p=45494","title":{"rendered":"Congreso de Veracruz capacitar\u00e1 a Ayuntamientos como &#8220;Puntos Violeta&#8221;"},"content":{"rendered":"\n<p><strong>Alejandro \u00c1vila<\/strong><\/p>\n\n\n\n<p>Veracruz, Ver.- El pr\u00f3ximo mi\u00e9rcoles 27 de septiembre en el Congreso de Veracruz se capacitar\u00e1 funcionarios p\u00fablicos de los 212 municipios, para que los Ayuntamientos se conviertan en &#8220;Puntos Violetas&#8221;, mencion\u00f3 la diputada local, Anil\u00fa Ingram Vallines.<\/p>\n\n\n\n<p>Esta pl\u00e1tica que iniciar\u00e1 las 11 de la ma\u00f1ana, estar\u00e1 a cargo de, Monserrat Hern\u00e1ndez, directora del Instituto Municipal de la Mujer de Naucalpan en el Estado de M\u00e9xico; la intenci\u00f3n es que las mujeres violentadas o vulneradas encuentren en los recintos municipales un espacio donde pueda ser atendida, resguardada y orientada.<\/p>\n\n\n\n<p>La legisladora priista, apunt\u00f3 que se hizo una invitaci\u00f3n a los presidentes municipales, s\u00edndicos y regidores de los 212 municipios, adem\u00e1s de la iniciativa privada, para que puedan acudir a la capacitaci\u00f3n en derechos humanos e igualdad de g\u00e9nero.<\/p>\n\n\n\n<p>&#8220;Imaginemos, un ejemplo muy sencillo, una mujer que se encuentra en una situaci\u00f3n de violencia, de vulnerabilidad, ese d\u00eda acude a un tr\u00e1mite en Palacio Municipal, que los servidores y las servidoras p\u00fablica sepan como acompa\u00f1arla, como orientarla, como contenerla, es fundamental y esto disminuye enormemente los feminicidios, disminuye enormemente el que sepan ellas mismas en casa el como manejar justamente un caso tan lamentable de violencia, que todas estamos expuestas&#8221;, sentenci\u00f3.<\/p>\n\n\n\n<p>Finalmente y en otro tema, dijo que ser\u00eda muy importante que en Veracruz tambi\u00e9n encabezara la alianza opositora una mujer; sin embargo, reconoci\u00f3 que existen prioridades en el Frente Amplio, y lo importante ser\u00e1 sumar para lograr la victoria a mediados del 2024.<\/p>\n","protected":false},"excerpt":{"rendered":"<p>Alejandro \u00c1vila Veracruz, Ver.- El pr\u00f3ximo mi\u00e9rcoles 27 de septiembre en el Congreso de Veracruz se capacitar\u00e1 funcionarios p\u00fablicos de los 212 municipios, para que los Ayuntamientos se conviertan en &#8220;Puntos Violetas&#8221;, mencion\u00f3 la diputada local, Anil\u00fa Ingram Vallines. Esta pl\u00e1tica que iniciar\u00e1 las 11 de la ma\u00f1ana, estar\u00e1 a cargo de, Monserrat Hern\u00e1ndez, directora [&hellip;]<\/p>\n","protected":false},"author":2476,"featured_media":45495,"comment_status":"open","ping_status":"open","sticky":false,"template":"","format":"standard","meta":{"_jetpack_memberships_contains_paid_content":false,"footnotes":""},"categories":[2],"tags":[],"class_list":["post-45494","post","type-post","status-publish","format-standard","has-post-thumbnail","hentry","category-estado"],"jetpack_featured_media_url":"https:\/\/encuentroinformativo.com.mx\/wp-content\/uploads\/2023\/09\/IMG-20230921-WA00231-scaled.jpg","jetpack_sharing_enabled":true,"jetpack_likes_enabled":true,"amp_enabled":true,"_links":{"self":[{"href":"https:\/\/encuentroinformativo.com.mx\/index.php?rest_route=\/wp\/v2\/posts\/45494","targetHints":{"allow":["GET"]}}],"collection":[{"href":"https:\/\/encuentroinformativo.com.mx\/index.php?rest_route=\/wp\/v2\/posts"}],"about":[{"href":"https:\/\/encuentroinformativo.com.mx\/index.php?rest_route=\/wp\/v2\/types\/post"}],"author":[{"embeddable":true,"href":"https:\/\/encuentroinformativo.com.mx\/index.php?rest_route=\/wp\/v2\/users\/2476"}],"replies":[{"embeddable":true,"href":"https:\/\/encuentroinformativo.com.mx\/index.php?rest_route=%2Fwp%2Fv2%2Fcomments&post=45494"}],"version-history":[{"count":1,"href":"https:\/\/encuentroinformativo.com.mx\/index.php?rest_route=\/wp\/v2\/posts\/45494\/revisions"}],"predecessor-version":[{"id":45496,"href":"https:\/\/encuentroinformativo.com.mx\/index.php?rest_route=\/wp\/v2\/posts\/45494\/revisions\/45496"}],"wp:featuredmedia":[{"embeddable":true,"href":"https:\/\/encuentroinformativo.com.mx\/index.php?rest_route=\/wp\/v2\/media\/45495"}],"wp:attachment":[{"href":"https:\/\/encuentroinformativo.com.mx\/index.php?rest_route=%2Fwp%2Fv2%2Fmedia&parent=45494"}],"wp:term":[{"taxonomy":"category","embeddable":true,"href":"https:\/\/encuentroinformativo.com.mx\/index.php?rest_route=%2Fwp%2Fv2%2Fcategories&post=45494"},{"taxonomy":"post_tag","embeddable":true,"href":"https:\/\/encuentroinformativo.com.mx\/index.php?rest_route=%2Fwp%2Fv2%2Ftags&post=45494"}],"curies":[{"name":"wp","href":"https:\/\/api.w.org\/{rel}","templated":true}]}}