{"id":45497,"date":"2023-09-21T12:03:09","date_gmt":"2023-09-21T18:03:09","guid":{"rendered":"https:\/\/encuentroinformativo.com.mx\/?p=45497"},"modified":"2023-09-21T12:03:12","modified_gmt":"2023-09-21T18:03:12","slug":"bloquean-jubilados-reclaman-renovacion-de-polizas-de-seguro","status":"publish","type":"post","link":"https:\/\/encuentroinformativo.com.mx\/?p=45497","title":{"rendered":"Bloquean jubilados, reclaman renovaci\u00f3n de p\u00f3lizas de seguro"},"content":{"rendered":"\n<p><strong>Juan Arcos <\/strong><\/p>\n\n\n\n<p>Xalapa, Ver.- Integrantes de la Agrupaci\u00f3n Estatal de Jubilados y Pensionados del ISSSTE en el Estado de Veracruz (Ajupiv) protestaron y bloquearon la calle Juan de la Luz Enr\u00edquez, en el centro de Xalapa, para exigir la renovaci\u00f3n de la p\u00f3liza para el seguro de vida.<\/p>\n\n\n\n<p>Los adultos mayores denunciaron nuevamente que han fallecido algunos jubilados y sus familiares no han podido cobrar el seguro de vida, debido a que el gobierno estatal no ha renovado dicha p\u00f3liza.<\/p>\n\n\n\n<p>Se habla de m\u00e1s de 30 mil jubilados del sistema federal que carecen del seguro institucional en el estado de Veracruz y cuyas familias est\u00e1n desprotegidas.<\/p>\n\n\n\n<p>De acuerdo con Susana Su\u00e1rez Hern\u00e1ndez, secretaria de Organizaci\u00f3n de la Ajupiv, hay 230 afiliados de esta agrupaci\u00f3n que carecen de seguro de vida desde el 1 de noviembre de 2021.<\/p>\n\n\n\n<p>A\u00f1adieron que las autoridades podr\u00edan estar incurriendo en alg\u00fan delito al dejar sin seguros institucionales a los jubilados, pensionados y trabajadores en activo del Sector Educativo.<\/p>\n\n\n\n<p>Los jubilados comentaron que de manera mensual contin\u00faan descont\u00e1ndoles 200 pesos por dicho concepto sin que el dinero llegue a su destino.<\/p>\n\n\n\n<p>Los adultos mayores obstruyeron la vialidad alrededor de las 11 de la ma\u00f1ana de este jueves 21 de septiembre y permanecer\u00edan en el lugar durante una hora.<\/p>\n","protected":false},"excerpt":{"rendered":"<p>Juan Arcos Xalapa, Ver.- Integrantes de la Agrupaci\u00f3n Estatal de Jubilados y Pensionados del ISSSTE en el Estado de Veracruz (Ajupiv) protestaron y bloquearon la calle Juan de la Luz Enr\u00edquez, en el centro de Xalapa, para exigir la renovaci\u00f3n de la p\u00f3liza para el seguro de vida. Los adultos mayores denunciaron nuevamente que han [&hellip;]<\/p>\n","protected":false},"author":2476,"featured_media":45498,"comment_status":"open","ping_status":"open","sticky":false,"template":"","format":"standard","meta":{"_jetpack_memberships_contains_paid_content":false,"footnotes":""},"categories":[3],"tags":[],"class_list":["post-45497","post","type-post","status-publish","format-standard","has-post-thumbnail","hentry","category-xalapa"],"jetpack_featured_media_url":"https:\/\/encuentroinformativo.com.mx\/wp-content\/uploads\/2023\/09\/1419e0b0-5cec-43ec-b3cb-36ae291ef9eb.jpg","jetpack_sharing_enabled":true,"jetpack_likes_enabled":true,"amp_enabled":true,"_links":{"self":[{"href":"https:\/\/encuentroinformativo.com.mx\/index.php?rest_route=\/wp\/v2\/posts\/45497","targetHints":{"allow":["GET"]}}],"collection":[{"href":"https:\/\/encuentroinformativo.com.mx\/index.php?rest_route=\/wp\/v2\/posts"}],"about":[{"href":"https:\/\/encuentroinformativo.com.mx\/index.php?rest_route=\/wp\/v2\/types\/post"}],"author":[{"embeddable":true,"href":"https:\/\/encuentroinformativo.com.mx\/index.php?rest_route=\/wp\/v2\/users\/2476"}],"replies":[{"embeddable":true,"href":"https:\/\/encuentroinformativo.com.mx\/index.php?rest_route=%2Fwp%2Fv2%2Fcomments&post=45497"}],"version-history":[{"count":1,"href":"https:\/\/encuentroinformativo.com.mx\/index.php?rest_route=\/wp\/v2\/posts\/45497\/revisions"}],"predecessor-version":[{"id":45499,"href":"https:\/\/encuentroinformativo.com.mx\/index.php?rest_route=\/wp\/v2\/posts\/45497\/revisions\/45499"}],"wp:featuredmedia":[{"embeddable":true,"href":"https:\/\/encuentroinformativo.com.mx\/index.php?rest_route=\/wp\/v2\/media\/45498"}],"wp:attachment":[{"href":"https:\/\/encuentroinformativo.com.mx\/index.php?rest_route=%2Fwp%2Fv2%2Fmedia&parent=45497"}],"wp:term":[{"taxonomy":"category","embeddable":true,"href":"https:\/\/encuentroinformativo.com.mx\/index.php?rest_route=%2Fwp%2Fv2%2Fcategories&post=45497"},{"taxonomy":"post_tag","embeddable":true,"href":"https:\/\/encuentroinformativo.com.mx\/index.php?rest_route=%2Fwp%2Fv2%2Ftags&post=45497"}],"curies":[{"name":"wp","href":"https:\/\/api.w.org\/{rel}","templated":true}]}}