{"id":45509,"date":"2023-09-21T13:51:55","date_gmt":"2023-09-21T19:51:55","guid":{"rendered":"https:\/\/encuentroinformativo.com.mx\/?p=45509"},"modified":"2023-09-21T13:51:59","modified_gmt":"2023-09-21T19:51:59","slug":"reciben-constancia-16-custodios-en-perspectiva-de-genero-para-el-perfil-de-custodia-penitenciaria","status":"publish","type":"post","link":"https:\/\/encuentroinformativo.com.mx\/?p=45509","title":{"rendered":"Reciben constancia 16 custodios en Perspectiva de G\u00e9nero para el Perfil de Custodia Penitenciaria"},"content":{"rendered":"\n<p>Xalapa, Ver.- En la b\u00fasqueda de un sistema penitenciario m\u00e1s justo y equitativo, la perspectiva de g\u00e9nero se ha convertido en un tema fundamental en la formaci\u00f3n de las y los elementos de custodia penitenciaria, por ello la Secretar\u00eda de Seguridad P\u00fablica a trav\u00e9s del Centro de Estudios e Investigaci\u00f3n en Seguridad, hizo entrega de constancias a 16 elementos que finalizaron el \u201cCurso de Perspectiva de G\u00e9nero para el Perfil de Custodia Penitenciaria\u201d.<\/p>\n\n\n\n<p>Durante 40 horas, 8 hombres y 8 mujeres actualizaron conocimientos y habilidades en materia de Equidad de G\u00e9nero en la Seguridad P\u00fablica, Enfoque de G\u00e9nero y la Actuaci\u00f3n Policial, Principios B\u00e1sicos de la Actuaci\u00f3n Policial con Perspectiva de G\u00e9nero, Herramientas de Primer Contacto Ante Delitos por Violencia de G\u00e9nero, Prevenci\u00f3n de la Violencia G\u00e9nero y Familiar, entre otras.<\/p>\n\n\n\n<p>A lo largo del curso, las y los custodios lograron reconocer a la perspectiva de g\u00e9nero como la metodolog\u00eda y los mecanismos que permiten identificar, cuestionar y valorar la discriminaci\u00f3n desigualdad y exclusi\u00f3n de las mujeres que se pretende justificar con base a las diferencias biol\u00f3gicas entre mujeres y hombres, as\u00ed como las acciones que deben emprenderse para actuar sobre los factores de g\u00e9nero y crear las condiciones de cambio que permitan avanzar en la construcci\u00f3n de la igualdad de g\u00e9nero durante su funci\u00f3n.<\/p>\n","protected":false},"excerpt":{"rendered":"<p>Xalapa, Ver.- En la b\u00fasqueda de un sistema penitenciario m\u00e1s justo y equitativo, la perspectiva de g\u00e9nero se ha convertido en un tema fundamental en la formaci\u00f3n de las y los elementos de custodia penitenciaria, por ello la Secretar\u00eda de Seguridad P\u00fablica a trav\u00e9s del Centro de Estudios e Investigaci\u00f3n en Seguridad, hizo entrega de [&hellip;]<\/p>\n","protected":false},"author":2476,"featured_media":45510,"comment_status":"open","ping_status":"open","sticky":false,"template":"","format":"standard","meta":{"_jetpack_memberships_contains_paid_content":false,"footnotes":""},"categories":[2],"tags":[],"class_list":["post-45509","post","type-post","status-publish","format-standard","has-post-thumbnail","hentry","category-estado"],"jetpack_featured_media_url":"https:\/\/encuentroinformativo.com.mx\/wp-content\/uploads\/2023\/09\/IMG-20230921-WA00382.jpg","jetpack_sharing_enabled":true,"jetpack_likes_enabled":true,"amp_enabled":true,"_links":{"self":[{"href":"https:\/\/encuentroinformativo.com.mx\/index.php?rest_route=\/wp\/v2\/posts\/45509","targetHints":{"allow":["GET"]}}],"collection":[{"href":"https:\/\/encuentroinformativo.com.mx\/index.php?rest_route=\/wp\/v2\/posts"}],"about":[{"href":"https:\/\/encuentroinformativo.com.mx\/index.php?rest_route=\/wp\/v2\/types\/post"}],"author":[{"embeddable":true,"href":"https:\/\/encuentroinformativo.com.mx\/index.php?rest_route=\/wp\/v2\/users\/2476"}],"replies":[{"embeddable":true,"href":"https:\/\/encuentroinformativo.com.mx\/index.php?rest_route=%2Fwp%2Fv2%2Fcomments&post=45509"}],"version-history":[{"count":1,"href":"https:\/\/encuentroinformativo.com.mx\/index.php?rest_route=\/wp\/v2\/posts\/45509\/revisions"}],"predecessor-version":[{"id":45511,"href":"https:\/\/encuentroinformativo.com.mx\/index.php?rest_route=\/wp\/v2\/posts\/45509\/revisions\/45511"}],"wp:featuredmedia":[{"embeddable":true,"href":"https:\/\/encuentroinformativo.com.mx\/index.php?rest_route=\/wp\/v2\/media\/45510"}],"wp:attachment":[{"href":"https:\/\/encuentroinformativo.com.mx\/index.php?rest_route=%2Fwp%2Fv2%2Fmedia&parent=45509"}],"wp:term":[{"taxonomy":"category","embeddable":true,"href":"https:\/\/encuentroinformativo.com.mx\/index.php?rest_route=%2Fwp%2Fv2%2Fcategories&post=45509"},{"taxonomy":"post_tag","embeddable":true,"href":"https:\/\/encuentroinformativo.com.mx\/index.php?rest_route=%2Fwp%2Fv2%2Ftags&post=45509"}],"curies":[{"name":"wp","href":"https:\/\/api.w.org\/{rel}","templated":true}]}}