{"id":45515,"date":"2023-09-21T14:13:18","date_gmt":"2023-09-21T20:13:18","guid":{"rendered":"https:\/\/encuentroinformativo.com.mx\/?p=45515"},"modified":"2023-09-21T14:14:19","modified_gmt":"2023-09-21T20:14:19","slug":"en-2024-gobierno-federal-pretenderia-cubrir-el-arrendamiento-a-sedena","status":"publish","type":"post","link":"https:\/\/encuentroinformativo.com.mx\/?p=45515","title":{"rendered":"En 2024 Gobierno Federal pretender\u00eda cubrir el arrendamiento a SEDENA"},"content":{"rendered":"\n<p><strong>Alejandro \u00c1vila<\/strong><\/p>\n\n\n\n<p>Veracruz, Ver.-&nbsp; El diputado federal, Jos\u00e9 Francisco Yunes Zorrilla, dijo que los ciudadanos deben estar pendientes del presupuesto de egresos 2024, ya que es muy probable que el Gobierno Federal est\u00e9 considerando partidas para seguir cubriendo el arrendamiento a la Secretar\u00eda de la Defensa Nacional (SEDENA), al igual que el fiduciario del avi\u00f3n presidencial.<\/p>\n\n\n\n<p>&nbsp;\u201cY como esos hay muchos apartados en consideraci\u00f3n de reserva que no tienen los registros en la Secretaria de Hacienda correspondientes, que infringen la ley y generan acciones directas desde el presupuesto para hacer montos discrecionales que se gastar\u00e1n en el pr\u00f3ximo a\u00f1o electoral\u201d.<\/p>\n\n\n\n<p>El perote\u00f1o agreg\u00f3 que, el arrendamiento del avi\u00f3n presidencial que hay seguir pagando, es un buen ejemplo de las medias verdades qu\u00e9 ejecuta diariamente la presidencia de la rep\u00fablica.<\/p>\n\n\n\n<p>Adem\u00e1s, apunt\u00f3 que la Refiner\u00eda de Dos Bocas es otra muestra de que no hay transparencia en una obra, pues a pesar de que ya est\u00e1 inaugurada, en 2024 se le seguir\u00e1 destinando, lo que es una burla y un enga\u00f1o.<\/p>\n\n\n\n<p>\u201cLa lectura del informe arroja una sola conclusi\u00f3n: que la pol\u00edtica econ\u00f3mica del gobierno de la rep\u00fablica es ajena, adversa al aparato productivo nacional. \u201casegur\u00f3.<\/p>\n\n\n\n<p>Finalmente, Pepe Yunes dijo que hay una incoherencia entre la realidad de los veracruzanos y lo que se plantea en materia econ\u00f3mica desde el Ejecutivo Federal, ya que no hay en el recuento del Ejercicio Fiscal 2023, una sola acci\u00f3n solidaria con los empresarios, la PyMEs.<\/p>\n\n\n\n<p>Particularmente y con el referente del 2023, la econom\u00eda de M\u00e9xico est\u00e1 alejada del sector primario, dejando a su suerte a los productores del campo, agricultores, ganaderos y pescadores , al igual que a la industria que por mucho tiempo fue resorte de la actividad econ\u00f3mica en muchas entidades del pa\u00eds, entre ellas Veracruz.<\/p>\n\n\n\n<p>\u201cA pesar de la poca solidaridad nacional, la inversi\u00f3n extranjera directa llega en funci\u00f3n simple y llanamente de nuestra geograf\u00eda f\u00edsica con respecto al mercado de Estados Unidos\u201d.&nbsp;<\/p>\n","protected":false},"excerpt":{"rendered":"<p>Alejandro \u00c1vila Veracruz, Ver.-&nbsp; El diputado federal, Jos\u00e9 Francisco Yunes Zorrilla, dijo que los ciudadanos deben estar pendientes del presupuesto de egresos 2024, ya que es muy probable que el Gobierno Federal est\u00e9 considerando partidas para seguir cubriendo el arrendamiento a la Secretar\u00eda de la Defensa Nacional (SEDENA), al igual que el fiduciario del avi\u00f3n [&hellip;]<\/p>\n","protected":false},"author":2476,"featured_media":45518,"comment_status":"open","ping_status":"open","sticky":false,"template":"","format":"standard","meta":{"_jetpack_memberships_contains_paid_content":false,"footnotes":""},"categories":[2],"tags":[],"class_list":["post-45515","post","type-post","status-publish","format-standard","has-post-thumbnail","hentry","category-estado"],"jetpack_featured_media_url":"https:\/\/encuentroinformativo.com.mx\/wp-content\/uploads\/2023\/09\/IMG-20230921-WA00672.jpg","jetpack_sharing_enabled":true,"jetpack_likes_enabled":true,"amp_enabled":true,"_links":{"self":[{"href":"https:\/\/encuentroinformativo.com.mx\/index.php?rest_route=\/wp\/v2\/posts\/45515","targetHints":{"allow":["GET"]}}],"collection":[{"href":"https:\/\/encuentroinformativo.com.mx\/index.php?rest_route=\/wp\/v2\/posts"}],"about":[{"href":"https:\/\/encuentroinformativo.com.mx\/index.php?rest_route=\/wp\/v2\/types\/post"}],"author":[{"embeddable":true,"href":"https:\/\/encuentroinformativo.com.mx\/index.php?rest_route=\/wp\/v2\/users\/2476"}],"replies":[{"embeddable":true,"href":"https:\/\/encuentroinformativo.com.mx\/index.php?rest_route=%2Fwp%2Fv2%2Fcomments&post=45515"}],"version-history":[{"count":1,"href":"https:\/\/encuentroinformativo.com.mx\/index.php?rest_route=\/wp\/v2\/posts\/45515\/revisions"}],"predecessor-version":[{"id":45517,"href":"https:\/\/encuentroinformativo.com.mx\/index.php?rest_route=\/wp\/v2\/posts\/45515\/revisions\/45517"}],"wp:featuredmedia":[{"embeddable":true,"href":"https:\/\/encuentroinformativo.com.mx\/index.php?rest_route=\/wp\/v2\/media\/45518"}],"wp:attachment":[{"href":"https:\/\/encuentroinformativo.com.mx\/index.php?rest_route=%2Fwp%2Fv2%2Fmedia&parent=45515"}],"wp:term":[{"taxonomy":"category","embeddable":true,"href":"https:\/\/encuentroinformativo.com.mx\/index.php?rest_route=%2Fwp%2Fv2%2Fcategories&post=45515"},{"taxonomy":"post_tag","embeddable":true,"href":"https:\/\/encuentroinformativo.com.mx\/index.php?rest_route=%2Fwp%2Fv2%2Ftags&post=45515"}],"curies":[{"name":"wp","href":"https:\/\/api.w.org\/{rel}","templated":true}]}}