{"id":45524,"date":"2023-09-21T15:57:27","date_gmt":"2023-09-21T21:57:27","guid":{"rendered":"https:\/\/encuentroinformativo.com.mx\/?p=45524"},"modified":"2023-09-21T15:57:57","modified_gmt":"2023-09-21T21:57:57","slug":"este-viernes-inicia-festival-itinerante-de-cine-comunitario-de-la-tierra","status":"publish","type":"post","link":"https:\/\/encuentroinformativo.com.mx\/?p=45524","title":{"rendered":"Este viernes, inicia Festival Itinerante de Cine Comunitario de la Tierra"},"content":{"rendered":"\n<p><strong>Juan Arcos <\/strong><\/p>\n\n\n\n<p>Xalapa, Ver.- Este viernes 22 de septiembre inicia el Festival Itinerante de Cine Comunitario de la Tierra (FICCTerra) en distintos puntos del estado de Veracruz, incluida la ciudad de Xalapa, la capital, pero tambi\u00e9n en zonas de Puebla.<\/p>\n\n\n\n<p>Se trata de un un espacio de encuentros e intercambios de experiencias comunitarias a trav\u00e9s de la exhibici\u00f3n de cine sobre problem\u00e1ticas socioambientales y alternativas sustentables.<\/p>\n\n\n\n<p>FICCTerra activa espacios p\u00fablicos y alternativos como plazas, parques, foros, talleres y hogares de comunidades rurales y urbanas.<\/p>\n\n\n\n<p>Los organizadores informaron que la exhibici\u00f3n de cine comunitario e independiente, acompa\u00f1ado de otras experiencias art\u00edsticas, talleres, din\u00e1micas participativas y di\u00e1logos, busca estimular la comunicaci\u00f3n, la cohesi\u00f3n social y la reflexi\u00f3n en las comunidades desde el di\u00e1logo interseccional y el pensamiento situado.<\/p>\n\n\n\n<p>El proyecto \u201cSemillas de Dignidad\u201d busca identificar y atender problem\u00e1ticas locales e impulsar la organizaci\u00f3n comunitaria, restaurando y fortaleciendo el tejido social, sobre todo en lugares que se encuentran alejados de la oferta cultural y de los servicios de los centros hegem\u00f3nicos.<\/p>\n\n\n\n<p>\u201cCon el cine y el arte fortalecemos procesos colectivos, regionales e internacionales, de defensa y cuidado de los ecosistemas, articulando acciones que se plantan en el presente para pensar hoy y lo que vendr\u00e1\u201d, indican.<\/p>\n\n\n\n<p>Desde el 22 de septiembre al 19 de noviembre se llevar\u00e1n a cabo proyecciones itinerantes en los estados de Veracruz y Puebla, as\u00ed como tambi\u00e9n, en otras sedes que quieran adoptar la programaci\u00f3n de este a\u00f1o.<\/p>\n\n\n\n<p>En esta quinta edici\u00f3n del FICCTerra se buscan narrativas y espacios que siembren \u201cSemillas de Dignidad\u201d.<\/p>\n\n\n\n<p>\u201cPodr\u00e1s aplicar con tu obra mediante Formulario o por la plataforma Filmfreeway. Los enlaces los encontrar\u00e1s en nuestro sitio web:&nbsp;<a rel=\"noreferrer noopener\" href=\"http:\/\/ficcterra.org\/\" target=\"_blank\">http:\/\/ficcterra.org<\/a>\u201d.<\/p>\n\n\n\n<p>Las sedes ser\u00e1n: Xalapa, Sexta de Juar\u00e9z, Buena Vista y Chiltoyac; cabecera municipal de Teocelo; Barranca Grande, Cosautl\u00e1n de Carvajal; cabecera municipal de Jalcomulco; Puerto de Veracruz; La Mancha, Actopan; Catemaco; Jaltipan; Cuetzalan y Xiloxochico, Puebla.<\/p>\n\n\n\n<figure class=\"wp-block-image size-large\"><img loading=\"lazy\" decoding=\"async\" width=\"1024\" height=\"1024\" src=\"https:\/\/encuentroinformativo.com.mx\/wp-content\/uploads\/2023\/09\/IMG_5831-1024x1024.jpg\" alt=\"\" class=\"wp-image-45525\" srcset=\"https:\/\/encuentroinformativo.com.mx\/wp-content\/uploads\/2023\/09\/IMG_5831-1024x1024.jpg 1024w, https:\/\/encuentroinformativo.com.mx\/wp-content\/uploads\/2023\/09\/IMG_5831-300x300.jpg 300w, https:\/\/encuentroinformativo.com.mx\/wp-content\/uploads\/2023\/09\/IMG_5831-150x150.jpg 150w, https:\/\/encuentroinformativo.com.mx\/wp-content\/uploads\/2023\/09\/IMG_5831-768x768.jpg 768w, https:\/\/encuentroinformativo.com.mx\/wp-content\/uploads\/2023\/09\/IMG_5831.jpg 1080w\" sizes=\"auto, (max-width: 1024px) 100vw, 1024px\" \/><\/figure>\n","protected":false},"excerpt":{"rendered":"<p>Juan Arcos Xalapa, Ver.- Este viernes 22 de septiembre inicia el Festival Itinerante de Cine Comunitario de la Tierra (FICCTerra) en distintos puntos del estado de Veracruz, incluida la ciudad de Xalapa, la capital, pero tambi\u00e9n en zonas de Puebla. Se trata de un un espacio de encuentros e intercambios de experiencias comunitarias a trav\u00e9s [&hellip;]<\/p>\n","protected":false},"author":2476,"featured_media":45525,"comment_status":"open","ping_status":"open","sticky":false,"template":"","format":"standard","meta":{"_jetpack_memberships_contains_paid_content":false,"footnotes":""},"categories":[2],"tags":[],"class_list":["post-45524","post","type-post","status-publish","format-standard","has-post-thumbnail","hentry","category-estado"],"jetpack_featured_media_url":"https:\/\/encuentroinformativo.com.mx\/wp-content\/uploads\/2023\/09\/IMG_5831.jpg","jetpack_sharing_enabled":true,"jetpack_likes_enabled":true,"amp_enabled":true,"_links":{"self":[{"href":"https:\/\/encuentroinformativo.com.mx\/index.php?rest_route=\/wp\/v2\/posts\/45524","targetHints":{"allow":["GET"]}}],"collection":[{"href":"https:\/\/encuentroinformativo.com.mx\/index.php?rest_route=\/wp\/v2\/posts"}],"about":[{"href":"https:\/\/encuentroinformativo.com.mx\/index.php?rest_route=\/wp\/v2\/types\/post"}],"author":[{"embeddable":true,"href":"https:\/\/encuentroinformativo.com.mx\/index.php?rest_route=\/wp\/v2\/users\/2476"}],"replies":[{"embeddable":true,"href":"https:\/\/encuentroinformativo.com.mx\/index.php?rest_route=%2Fwp%2Fv2%2Fcomments&post=45524"}],"version-history":[{"count":2,"href":"https:\/\/encuentroinformativo.com.mx\/index.php?rest_route=\/wp\/v2\/posts\/45524\/revisions"}],"predecessor-version":[{"id":45527,"href":"https:\/\/encuentroinformativo.com.mx\/index.php?rest_route=\/wp\/v2\/posts\/45524\/revisions\/45527"}],"wp:featuredmedia":[{"embeddable":true,"href":"https:\/\/encuentroinformativo.com.mx\/index.php?rest_route=\/wp\/v2\/media\/45525"}],"wp:attachment":[{"href":"https:\/\/encuentroinformativo.com.mx\/index.php?rest_route=%2Fwp%2Fv2%2Fmedia&parent=45524"}],"wp:term":[{"taxonomy":"category","embeddable":true,"href":"https:\/\/encuentroinformativo.com.mx\/index.php?rest_route=%2Fwp%2Fv2%2Fcategories&post=45524"},{"taxonomy":"post_tag","embeddable":true,"href":"https:\/\/encuentroinformativo.com.mx\/index.php?rest_route=%2Fwp%2Fv2%2Ftags&post=45524"}],"curies":[{"name":"wp","href":"https:\/\/api.w.org\/{rel}","templated":true}]}}