{"id":45529,"date":"2023-09-21T16:16:58","date_gmt":"2023-09-21T22:16:58","guid":{"rendered":"https:\/\/encuentroinformativo.com.mx\/?p=45529"},"modified":"2023-09-21T16:17:02","modified_gmt":"2023-09-21T22:17:02","slug":"familiares-de-cafetaleros-detenidos-buscan-intervencion-de-la-onu","status":"publish","type":"post","link":"https:\/\/encuentroinformativo.com.mx\/?p=45529","title":{"rendered":"Familiares de cafetaleros detenidos buscan intervenci\u00f3n de la ONU"},"content":{"rendered":"\n<p><strong>Juan Arcos <\/strong><\/p>\n\n\n\n<p>Xalapa, Ver.- Familiares de los cafetaleros detenidos en Veracruz revelaron que una comisi\u00f3n de Derechos Humanos de la Organizaci\u00f3n de las Naciones Unidas (ONU) podr\u00eda intervenir en este caso.<\/p>\n\n\n\n<p>Dieron a conocer que se acercan los cuatro meses de la detenci\u00f3n de cinco personas y que contin\u00faan en prisi\u00f3n la exalcaldesa de Ixhuatl\u00e1n del Caf\u00e9, Viridiana Bret\u00f3n, y el productor Crisanto Valiente.<\/p>\n\n\n\n<p>Adem\u00e1s, siguen vigentes siete \u00f3rdenes de aprehensi\u00f3n contra los cafetaleros por una acusaci\u00f3n \u201cfraudulenta\u201d por parte de la empresa ECOM-AMSA.<\/p>\n\n\n\n<p>Las familias han exigido a la compa\u00f1\u00eda Agroindustrias Unidas de M\u00e9xico (AMSA) que desista de la demanda contra los productores por presuntos da\u00f1os en su beneficio del municipio de Ixhuatl\u00e1n del Caf\u00e9, en enero de 2022.<\/p>\n\n\n\n<p>Sin embargo, hasta el momento, estas personas no han obtenido una respuesta favorable por parte de la compa\u00f1\u00eda transnacional ni de las autoridades federales en la exigencia de justicia.<\/p>\n\n\n\n<p>En ese sentido, indicaron que, en coordinaci\u00f3n con el Centro de Derechos Humanos Miguel Agust\u00edn Pro Ju\u00e1rez, se realizar\u00e1n gestiones para que asista a Ixhuatl\u00e1n del Caf\u00e9 una comisi\u00f3n de Derechos Humanos de las Naciones Unidas.<\/p>\n\n\n\n<p>Lo anterior, con el objetivo de que sea emitido un reporte sobre el abuso que se est\u00e1 cometiendo contra varias familias cafetaleras y as\u00ed se realice una recomendaci\u00f3n al Gobierno Federal, que encabeza Andr\u00e9s Manuel L\u00f3pez Obrador.<\/p>\n\n\n\n<p>\u201cSe han mandado escritos a Vanusia Nogueira, directora de la Organizaci\u00f3n Internacional de Caf\u00e9 (OIC), a Jos\u00e9 Antonio Orduz, coordinador del Foro Mundial de Productores de Caf\u00e9, a Jean-Marc Duvoisin, Director de Nesspreso Nestl\u00e9 solicitando su apoyo para que vean con Eduardo Esteve, director de ECOM-Trading el que se desistan de su acusaci\u00f3n sin sustento veraz a cafetaleros de Veracruz. Se mandar\u00e1 tambi\u00e9n a organismos internacionales como Fair Trade y otros\u201d, se lee en un pronunciamiento de las familias.<\/p>\n\n\n\n<p>Tambi\u00e9n refirieron que se ha estado en comunicaci\u00f3n con funcionarios de la Presidencia y Gobernaci\u00f3n para que se tenga una intervenci\u00f3n m\u00e1s efectiva en Veracruz, ante la obstrucci\u00f3n de funcionarios estatales y del sistema judicial que no permiten la liberaci\u00f3n de Viridiana Bret\u00f3n y Crisanto Valiente.<\/p>\n\n\n\n<p>\u201cAdem\u00e1s de que se intervenga ante la empresa AMSA-ECOM y se desista de su acusaci\u00f3n, se termine el juicio y los acusados tengan su libertad plena. En la reuni\u00f3n del 8 de agosto en Palacio Nacional se manej\u00f3 que se intervendr\u00eda en Veracruz para atender nuestras demandas. Es necesario que ya se tengan resultados favorables ya que contin\u00faan las afectaciones econ\u00f3micas y de salud de las familias de los acusados\u201d, concluyeron.<\/p>\n","protected":false},"excerpt":{"rendered":"<p>Juan Arcos Xalapa, Ver.- Familiares de los cafetaleros detenidos en Veracruz revelaron que una comisi\u00f3n de Derechos Humanos de la Organizaci\u00f3n de las Naciones Unidas (ONU) podr\u00eda intervenir en este caso. Dieron a conocer que se acercan los cuatro meses de la detenci\u00f3n de cinco personas y que contin\u00faan en prisi\u00f3n la exalcaldesa de Ixhuatl\u00e1n [&hellip;]<\/p>\n","protected":false},"author":2476,"featured_media":45530,"comment_status":"open","ping_status":"open","sticky":false,"template":"","format":"standard","meta":{"_jetpack_memberships_contains_paid_content":false,"footnotes":""},"categories":[8],"tags":[],"class_list":["post-45529","post","type-post","status-publish","format-standard","has-post-thumbnail","hentry","category-region"],"jetpack_featured_media_url":"https:\/\/encuentroinformativo.com.mx\/wp-content\/uploads\/2023\/09\/IMG_7665.jpg","jetpack_sharing_enabled":true,"jetpack_likes_enabled":true,"amp_enabled":true,"_links":{"self":[{"href":"https:\/\/encuentroinformativo.com.mx\/index.php?rest_route=\/wp\/v2\/posts\/45529","targetHints":{"allow":["GET"]}}],"collection":[{"href":"https:\/\/encuentroinformativo.com.mx\/index.php?rest_route=\/wp\/v2\/posts"}],"about":[{"href":"https:\/\/encuentroinformativo.com.mx\/index.php?rest_route=\/wp\/v2\/types\/post"}],"author":[{"embeddable":true,"href":"https:\/\/encuentroinformativo.com.mx\/index.php?rest_route=\/wp\/v2\/users\/2476"}],"replies":[{"embeddable":true,"href":"https:\/\/encuentroinformativo.com.mx\/index.php?rest_route=%2Fwp%2Fv2%2Fcomments&post=45529"}],"version-history":[{"count":1,"href":"https:\/\/encuentroinformativo.com.mx\/index.php?rest_route=\/wp\/v2\/posts\/45529\/revisions"}],"predecessor-version":[{"id":45531,"href":"https:\/\/encuentroinformativo.com.mx\/index.php?rest_route=\/wp\/v2\/posts\/45529\/revisions\/45531"}],"wp:featuredmedia":[{"embeddable":true,"href":"https:\/\/encuentroinformativo.com.mx\/index.php?rest_route=\/wp\/v2\/media\/45530"}],"wp:attachment":[{"href":"https:\/\/encuentroinformativo.com.mx\/index.php?rest_route=%2Fwp%2Fv2%2Fmedia&parent=45529"}],"wp:term":[{"taxonomy":"category","embeddable":true,"href":"https:\/\/encuentroinformativo.com.mx\/index.php?rest_route=%2Fwp%2Fv2%2Fcategories&post=45529"},{"taxonomy":"post_tag","embeddable":true,"href":"https:\/\/encuentroinformativo.com.mx\/index.php?rest_route=%2Fwp%2Fv2%2Ftags&post=45529"}],"curies":[{"name":"wp","href":"https:\/\/api.w.org\/{rel}","templated":true}]}}