{"id":45532,"date":"2023-09-21T16:34:35","date_gmt":"2023-09-21T22:34:35","guid":{"rendered":"https:\/\/encuentroinformativo.com.mx\/?p=45532"},"modified":"2023-09-21T16:34:39","modified_gmt":"2023-09-21T22:34:39","slug":"reconoce-imss-falta-de-medicos-especialistas","status":"publish","type":"post","link":"https:\/\/encuentroinformativo.com.mx\/?p=45532","title":{"rendered":"Reconoce IMSS falta de m\u00e9dicos especialistas"},"content":{"rendered":"\n<p><strong>Dar\u00edo Pale <\/strong><\/p>\n\n\n\n<p>Xalapa, Ver.- Reconocen la falta de m\u00e9dicos especialistas en los diversos hospitales de la instituci\u00f3n, as\u00ed lo dio a conocer el titular de la Delegaci\u00f3n Norte del Instituto Mexicano del Seguro Social (IMSS) Jorge Mart\u00ednez Torres.<\/p>\n\n\n\n<p>Entrevistado posterior a la guardia de honor en el monumento a Don Miguel Hidalgo expres\u00f3, que las especialidades m\u00e1s solicitadas y donde se requiere personal es medicina interna y traumatolog\u00eda.<\/p>\n\n\n\n<p>&#8220;Estamos incrementando el n\u00famero de plazas, contratando m\u00e9dicos, y hacemos una invitaci\u00f3n a los m\u00e9dicos que quieran trabajar en el IMSS para que los podamos contratar (&#8230;) s\u00ed nos faltan m\u00e9dicos, la demanda nos rebasa en este momento, pero lo estamos atendiendo&#8221;, se\u00f1al\u00f3.<\/p>\n\n\n\n<p>Cabe mencionar, que algunas de las quejas que se presentan por parte de los derechohabientes es el tiempo de espera para concretar una cita con especialista.<\/p>\n\n\n\n<p>As\u00ed mismo en cuanto al abasto de medicamentos, afirm\u00f3 que cuentan con un 98.6 por ciento en todas las farmacias de los centros m\u00e9dicos pertenecientes a la instituci\u00f3n.<\/p>\n\n\n\n<p>Por otra parte, en torno a las denuncias por parte de colectivas de feministas sobre presunto rechazo de atenci\u00f3n a mujeres que solicitan la interrupci\u00f3n del embarazo en el estado, pidi\u00f3 que estas agrupaciones se acerquen a la delegaci\u00f3n.<\/p>\n\n\n\n<p>Omiti\u00f3 mencionar el n\u00famero de mujeres que ha realizado esta solicitud, argumentando que no hab\u00eda cambio en la ley para que realizaran ese tipo de pr\u00e1cticas.<\/p>\n\n\n\n<p>&#8220;Me gustar\u00eda que esos colectivos se acercaran a la delegaci\u00f3n y vi\u00e9ramos los casos uno por uno. No porque somos federales, tienen que adecuar las leyes federales al fallo de la Suprema Corte (&#8230;) de ese tipo no hemos atendido ninguno, porque no hab\u00eda habido cambios en las leyes&#8221;, coment\u00f3.<\/p>\n\n\n\n<p>Por \u00faltimo cabe recordar, que, en pasados d\u00edas la Suprema Corte de Justicia de la Naci\u00f3n (SCJN) despenaliz\u00f3 el aborto a nivel federal, lo que hace que este procedimiento sea legalmente accesible en las instituciones federales sanitarias de todo el pa\u00eds.<\/p>\n","protected":false},"excerpt":{"rendered":"<p>Dar\u00edo Pale Xalapa, Ver.- Reconocen la falta de m\u00e9dicos especialistas en los diversos hospitales de la instituci\u00f3n, as\u00ed lo dio a conocer el titular de la Delegaci\u00f3n Norte del Instituto Mexicano del Seguro Social (IMSS) Jorge Mart\u00ednez Torres. Entrevistado posterior a la guardia de honor en el monumento a Don Miguel Hidalgo expres\u00f3, que las [&hellip;]<\/p>\n","protected":false},"author":2476,"featured_media":45533,"comment_status":"open","ping_status":"open","sticky":false,"template":"","format":"standard","meta":{"_jetpack_memberships_contains_paid_content":false,"footnotes":""},"categories":[9],"tags":[],"class_list":["post-45532","post","type-post","status-publish","format-standard","has-post-thumbnail","hentry","category-salud"],"jetpack_featured_media_url":"https:\/\/encuentroinformativo.com.mx\/wp-content\/uploads\/2023\/09\/IMG-20230921-WA0070.jpg","jetpack_sharing_enabled":true,"jetpack_likes_enabled":true,"amp_enabled":true,"_links":{"self":[{"href":"https:\/\/encuentroinformativo.com.mx\/index.php?rest_route=\/wp\/v2\/posts\/45532","targetHints":{"allow":["GET"]}}],"collection":[{"href":"https:\/\/encuentroinformativo.com.mx\/index.php?rest_route=\/wp\/v2\/posts"}],"about":[{"href":"https:\/\/encuentroinformativo.com.mx\/index.php?rest_route=\/wp\/v2\/types\/post"}],"author":[{"embeddable":true,"href":"https:\/\/encuentroinformativo.com.mx\/index.php?rest_route=\/wp\/v2\/users\/2476"}],"replies":[{"embeddable":true,"href":"https:\/\/encuentroinformativo.com.mx\/index.php?rest_route=%2Fwp%2Fv2%2Fcomments&post=45532"}],"version-history":[{"count":1,"href":"https:\/\/encuentroinformativo.com.mx\/index.php?rest_route=\/wp\/v2\/posts\/45532\/revisions"}],"predecessor-version":[{"id":45534,"href":"https:\/\/encuentroinformativo.com.mx\/index.php?rest_route=\/wp\/v2\/posts\/45532\/revisions\/45534"}],"wp:featuredmedia":[{"embeddable":true,"href":"https:\/\/encuentroinformativo.com.mx\/index.php?rest_route=\/wp\/v2\/media\/45533"}],"wp:attachment":[{"href":"https:\/\/encuentroinformativo.com.mx\/index.php?rest_route=%2Fwp%2Fv2%2Fmedia&parent=45532"}],"wp:term":[{"taxonomy":"category","embeddable":true,"href":"https:\/\/encuentroinformativo.com.mx\/index.php?rest_route=%2Fwp%2Fv2%2Fcategories&post=45532"},{"taxonomy":"post_tag","embeddable":true,"href":"https:\/\/encuentroinformativo.com.mx\/index.php?rest_route=%2Fwp%2Fv2%2Ftags&post=45532"}],"curies":[{"name":"wp","href":"https:\/\/api.w.org\/{rel}","templated":true}]}}